{"id":769,"date":"2014-01-28T01:20:55","date_gmt":"2014-01-28T01:20:55","guid":{"rendered":"http:\/\/www.hunsriqueano.riolingo.com\/blog\/?p=769"},"modified":"2014-01-29T08:16:31","modified_gmt":"2014-01-29T08:16:31","slug":"dialektgebrauch-hier-spricht-man-deitsch","status":"publish","type":"post","link":"https:\/\/www.hunsriqueano.riolingo.com\/blog\/dialektgebrauch-hier-spricht-man-deitsch\/","title":{"rendered":"Incentivo ao dialeto\/Dialektgebrauch: HIER SPRICHT MAN DEITSCH!"},"content":{"rendered":"<p>Hallo meine liewe Leit!<br \/>\nIch honn en Idee schon seit lang her, en Idee wo ich eich jetzt dohie gern zeiche m\u00f6cht, und es ist dass ich eich vorschloohn wollt, ei dass jede Gesch\u00e4ft und jede Kommerz in unser Region wo es jemand gebt, wo unser Sproch spreche kann, dass man so en sch\u00f6n Schild macht, womo dann soohn wie die, die ich hergestellt honn und do unne f\u00fcr ren gesteckt honn. Naja, das k\u00f6nnt jo dann ganz merklich und sichtbar so on die Tea oder Fenster, irgenwo vorne newich dem Eingang so en Platz h\u00e4nge? Was denkt dir do driwer? Man sieht das jo so oft in annre L\u00e4nder wo &#8216;s regionale Minderheitensproche gibt &#8211; warum tut ma das ooch net do unner uns mache? Ich t\u00e4t sowas gern siehn &#8230; Bitte, was denkst du? Bittsch\u00f6n tu dann ooch kommentiere, ijo gell? hoffentlich stimmst d&#8217; mit!!! Vielen Dank! -Paul Beppler<\/p>\n<p><a href=\"https:\/\/i0.wp.com\/www.hunsriqueano.riolingo.com\/blog\/wp-content\/uploads\/2014\/01\/Screen-Shot-2014-01-27-at-4.48.56-PM.png\"><img data-recalc-dims=\"1\" loading=\"lazy\" decoding=\"async\" class=\"aligncenter size-full wp-image-770\" alt=\"Screen Shot 2014-01-27 at 4.48.56 PM\" src=\"https:\/\/i0.wp.com\/www.hunsriqueano.riolingo.com\/blog\/wp-content\/uploads\/2014\/01\/Screen-Shot-2014-01-27-at-4.48.56-PM.png?resize=363%2C362\" width=\"363\" height=\"362\" srcset=\"https:\/\/i0.wp.com\/www.hunsriqueano.riolingo.com\/blog\/wp-content\/uploads\/2014\/01\/Screen-Shot-2014-01-27-at-4.48.56-PM.png?w=363&amp;ssl=1 363w, https:\/\/i0.wp.com\/www.hunsriqueano.riolingo.com\/blog\/wp-content\/uploads\/2014\/01\/Screen-Shot-2014-01-27-at-4.48.56-PM.png?resize=150%2C150&amp;ssl=1 150w, https:\/\/i0.wp.com\/www.hunsriqueano.riolingo.com\/blog\/wp-content\/uploads\/2014\/01\/Screen-Shot-2014-01-27-at-4.48.56-PM.png?resize=300%2C300&amp;ssl=1 300w\" sizes=\"auto, (max-width: 363px) 100vw, 363px\" \/><\/a><\/p>\n<p>Ol\u00e1 pessoal, tudo bem?!<br \/>\nOlha faz um temp\u00e3o que estou com uma id\u00e9ia na cabe\u00e7a &#8230; Mas hoje eu queria compartilhar ela com voc\u00eas. \u00c9 o seguinte, que tal dar uma ajuda real e concreta e proativa em prol de nosso dialeto alem\u00e3o regional. Minha sugest\u00e3o \u00e9 que todos os neg\u00f3cios, com\u00e9rcio, e similares, onde trabalhe algu\u00e9m que fala o Riograndenser Hunsr\u00fcckisch, que fa\u00e7am uma plaquinha como a que confeccionei pra servir de exemplo pra voc\u00eas, que publiquei logo abaixo. Favor comentar, espero que a minha id\u00e9ia tenha repercuss\u00e3o, conto com voc\u00ea &#8211; quem sabe voc\u00ea concorda comigo e queira comentar?!?! Desde j\u00e1, grato! -Paul Beppler<\/p>\n<p><a href=\"https:\/\/www.facebook.com\/pages\/Riograndenser-Hunsr%C3%BCckisch\/366655020086673\"><img data-recalc-dims=\"1\" loading=\"lazy\" decoding=\"async\" class=\"aligncenter size-full wp-image-797\" alt=\"Screen Shot 2014-01-29 at 12.07.28 AM\" src=\"https:\/\/i0.wp.com\/www.hunsriqueano.riolingo.com\/blog\/wp-content\/uploads\/2014\/01\/Screen-Shot-2014-01-29-at-12.07.28-AM.png?resize=194%2C223\" width=\"194\" height=\"223\" \/><\/a><\/p>\n","protected":false},"excerpt":{"rendered":"<p>Hallo meine liewe Leit! Ich honn en Idee schon seit lang her, en Idee wo ich eich jetzt dohie gern zeiche m\u00f6cht, und es ist dass ich eich vorschloohn wollt, ei dass jede Gesch\u00e4ft und jede Kommerz in unser Region &hellip; <a href=\"https:\/\/www.hunsriqueano.riolingo.com\/blog\/dialektgebrauch-hier-spricht-man-deitsch\/\">Continue reading <span class=\"meta-nav\">&rarr;<\/span><\/a><\/p>\n","protected":false},"author":2,"featured_media":0,"comment_status":"closed","ping_status":"open","sticky":false,"template":"","format":"standard","meta":{"_jetpack_newsletter_access":"","_jetpack_dont_email_post_to_subs":false,"_jetpack_newsletter_tier_id":0,"_jetpack_memberships_contains_paywalled_content":false,"_jetpack_feature_clip_id":0,"_jetpack_memberships_contains_paid_content":false,"footnotes":"","jetpack_publicize_message":"","jetpack_publicize_feature_enabled":true,"jetpack_social_post_already_shared":false,"jetpack_social_options":{"image_generator_settings":{"template":"highway","default_image_id":0,"font":"","enabled":false},"version":2},"jetpack_post_was_ever_published":false},"categories":[1],"tags":[],"class_list":["post-769","post","type-post","status-publish","format-standard","hentry","category-uncategorized"],"aioseo_notices":[],"aioseo_head":"\n\t\t<!-- All in One SEO 5.0.1.1 - aioseo.com -->\n\t<meta name=\"robots\" content=\"max-image-preview:large\" \/>\n\t<meta name=\"author\" content=\"Paul Beppler\"\/>\n\t<link rel=\"canonical\" href=\"https:\/\/www.hunsriqueano.riolingo.com\/blog\/dialektgebrauch-hier-spricht-man-deitsch\/\" \/>\n\t<meta name=\"generator\" content=\"All in One SEO (AIOSEO) 5.0.1.1\" \/>\n\t\t<meta property=\"og:locale\" content=\"en_US\" \/>\n\t\t<meta property=\"og:site_name\" content=\"Riograndenser Hunsr\u00fcckisch | iss die meischt gesprochne reschionoole Variant von der deitsche Sproch in Br\u00e4silje. Hunsriqueano Riograndense \u00e9 a variante regional da l\u00edngua alem\u00e3 mais falada no Brasil. Riograndenser Hunsr\u00fcckisch es la variante regional del alem\u00e1n m\u00e1s hablada en Brasil.\" \/>\n\t\t<meta property=\"og:type\" content=\"article\" \/>\n\t\t<meta property=\"og:title\" content=\"Incentivo ao dialeto\/Dialektgebrauch: HIER SPRICHT MAN DEITSCH! | Riograndenser Hunsr\u00fcckisch\" \/>\n\t\t<meta property=\"og:url\" content=\"https:\/\/www.hunsriqueano.riolingo.com\/blog\/dialektgebrauch-hier-spricht-man-deitsch\/\" \/>\n\t\t<meta property=\"article:published_time\" content=\"2014-01-28T01:20:55+00:00\" \/>\n\t\t<meta property=\"article:modified_time\" content=\"2014-01-29T08:16:31+00:00\" \/>\n\t\t<meta name=\"twitter:card\" content=\"summary\" \/>\n\t\t<meta name=\"twitter:title\" content=\"Incentivo ao dialeto\/Dialektgebrauch: HIER SPRICHT MAN DEITSCH! | Riograndenser Hunsr\u00fcckisch\" \/>\n\t\t<script type=\"application\/ld+json\" class=\"aioseo-schema\">\n\t\t\t{\"@context\":\"https:\\\/\\\/schema.org\",\"@graph\":[{\"@type\":\"Article\",\"@id\":\"https:\\\/\\\/www.hunsriqueano.riolingo.com\\\/blog\\\/dialektgebrauch-hier-spricht-man-deitsch\\\/#article\",\"name\":\"Incentivo ao dialeto\\\/Dialektgebrauch: HIER SPRICHT MAN DEITSCH! | Riograndenser Hunsr\\u00fcckisch\",\"headline\":\"Incentivo ao dialeto\\\/Dialektgebrauch: HIER SPRICHT MAN DEITSCH!\",\"author\":{\"@id\":\"https:\\\/\\\/www.hunsriqueano.riolingo.com\\\/blog\\\/author\\\/pbeppler\\\/#author\"},\"publisher\":{\"@id\":\"https:\\\/\\\/www.hunsriqueano.riolingo.com\\\/blog\\\/#organization\"},\"image\":{\"@type\":\"ImageObject\",\"url\":\"https:\\\/\\\/i0.wp.com\\\/www.hunsriqueano.riolingo.com\\\/blog\\\/wp-content\\\/uploads\\\/2014\\\/01\\\/Screen-Shot-2014-01-27-at-4.48.56-PM.png?fit=363%2C362&ssl=1\",\"@id\":\"https:\\\/\\\/www.hunsriqueano.riolingo.com\\\/blog\\\/dialektgebrauch-hier-spricht-man-deitsch\\\/#articleImage\",\"width\":363,\"height\":362},\"datePublished\":\"2014-01-28T01:20:55-08:00\",\"dateModified\":\"2014-01-29T08:16:31-08:00\",\"inLanguage\":\"en-US\",\"commentCount\":1,\"mainEntityOfPage\":{\"@id\":\"https:\\\/\\\/www.hunsriqueano.riolingo.com\\\/blog\\\/dialektgebrauch-hier-spricht-man-deitsch\\\/#webpage\"},\"isPartOf\":{\"@id\":\"https:\\\/\\\/www.hunsriqueano.riolingo.com\\\/blog\\\/dialektgebrauch-hier-spricht-man-deitsch\\\/#webpage\"},\"articleSection\":\"Allgemeener\"},{\"@type\":\"BreadcrumbList\",\"@id\":\"https:\\\/\\\/www.hunsriqueano.riolingo.com\\\/blog\\\/dialektgebrauch-hier-spricht-man-deitsch\\\/#breadcrumblist\",\"itemListElement\":[{\"@type\":\"ListItem\",\"@id\":\"https:\\\/\\\/www.hunsriqueano.riolingo.com\\\/blog#listItem\",\"position\":1,\"name\":\"Home\",\"item\":\"https:\\\/\\\/www.hunsriqueano.riolingo.com\\\/blog\",\"nextItem\":{\"@type\":\"ListItem\",\"@id\":\"https:\\\/\\\/www.hunsriqueano.riolingo.com\\\/blog\\\/category\\\/uncategorized\\\/#listItem\",\"name\":\"Allgemeener\"}},{\"@type\":\"ListItem\",\"@id\":\"https:\\\/\\\/www.hunsriqueano.riolingo.com\\\/blog\\\/category\\\/uncategorized\\\/#listItem\",\"position\":2,\"name\":\"Allgemeener\",\"item\":\"https:\\\/\\\/www.hunsriqueano.riolingo.com\\\/blog\\\/category\\\/uncategorized\\\/\",\"nextItem\":{\"@type\":\"ListItem\",\"@id\":\"https:\\\/\\\/www.hunsriqueano.riolingo.com\\\/blog\\\/dialektgebrauch-hier-spricht-man-deitsch\\\/#listItem\",\"name\":\"Incentivo ao dialeto\\\/Dialektgebrauch: HIER SPRICHT MAN DEITSCH!\"},\"previousItem\":{\"@type\":\"ListItem\",\"@id\":\"https:\\\/\\\/www.hunsriqueano.riolingo.com\\\/blog#listItem\",\"name\":\"Home\"}},{\"@type\":\"ListItem\",\"@id\":\"https:\\\/\\\/www.hunsriqueano.riolingo.com\\\/blog\\\/dialektgebrauch-hier-spricht-man-deitsch\\\/#listItem\",\"position\":3,\"name\":\"Incentivo ao dialeto\\\/Dialektgebrauch: HIER SPRICHT MAN DEITSCH!\",\"previousItem\":{\"@type\":\"ListItem\",\"@id\":\"https:\\\/\\\/www.hunsriqueano.riolingo.com\\\/blog\\\/category\\\/uncategorized\\\/#listItem\",\"name\":\"Allgemeener\"}}]},{\"@type\":\"Organization\",\"@id\":\"https:\\\/\\\/www.hunsriqueano.riolingo.com\\\/blog\\\/#organization\",\"name\":\"Riograndenser Hunsr\\u00fcckisch\",\"description\":\"iss die meischt gesprochne reschionoole Variant von der deitsche Sproch in Br\\u00e4silje. Hunsriqueano Riograndense \\u00e9 a variante regional da l\\u00edngua alem\\u00e3 mais falada no Brasil. Riograndenser Hunsr\\u00fcckisch es la variante regional del alem\\u00e1n m\\u00e1s hablada en Brasil.\",\"url\":\"https:\\\/\\\/www.hunsriqueano.riolingo.com\\\/blog\\\/\"},{\"@type\":\"Person\",\"@id\":\"https:\\\/\\\/www.hunsriqueano.riolingo.com\\\/blog\\\/author\\\/pbeppler\\\/#author\",\"url\":\"https:\\\/\\\/www.hunsriqueano.riolingo.com\\\/blog\\\/author\\\/pbeppler\\\/\",\"name\":\"Paul Beppler\",\"image\":{\"@type\":\"ImageObject\",\"@id\":\"https:\\\/\\\/www.hunsriqueano.riolingo.com\\\/blog\\\/dialektgebrauch-hier-spricht-man-deitsch\\\/#authorImage\",\"url\":\"https:\\\/\\\/secure.gravatar.com\\\/avatar\\\/1fe20e35538a0b559f3c3413f0be96ff2aa2acf0b0d67144eb6461427e34410d?s=96&d=mm&r=g\",\"width\":96,\"height\":96,\"caption\":\"Paul Beppler\"}},{\"@type\":\"WebPage\",\"@id\":\"https:\\\/\\\/www.hunsriqueano.riolingo.com\\\/blog\\\/dialektgebrauch-hier-spricht-man-deitsch\\\/#webpage\",\"url\":\"https:\\\/\\\/www.hunsriqueano.riolingo.com\\\/blog\\\/dialektgebrauch-hier-spricht-man-deitsch\\\/\",\"name\":\"Incentivo ao dialeto\\\/Dialektgebrauch: HIER SPRICHT MAN DEITSCH! | Riograndenser Hunsr\\u00fcckisch\",\"inLanguage\":\"en-US\",\"isPartOf\":{\"@id\":\"https:\\\/\\\/www.hunsriqueano.riolingo.com\\\/blog\\\/#website\"},\"breadcrumb\":{\"@id\":\"https:\\\/\\\/www.hunsriqueano.riolingo.com\\\/blog\\\/dialektgebrauch-hier-spricht-man-deitsch\\\/#breadcrumblist\"},\"author\":{\"@id\":\"https:\\\/\\\/www.hunsriqueano.riolingo.com\\\/blog\\\/author\\\/pbeppler\\\/#author\"},\"creator\":{\"@id\":\"https:\\\/\\\/www.hunsriqueano.riolingo.com\\\/blog\\\/author\\\/pbeppler\\\/#author\"},\"datePublished\":\"2014-01-28T01:20:55-08:00\",\"dateModified\":\"2014-01-29T08:16:31-08:00\"},{\"@type\":\"WebSite\",\"@id\":\"https:\\\/\\\/www.hunsriqueano.riolingo.com\\\/blog\\\/#website\",\"url\":\"https:\\\/\\\/www.hunsriqueano.riolingo.com\\\/blog\\\/\",\"name\":\"Riograndenser Hunsr\\u00fcckisch\",\"description\":\"iss die meischt gesprochne reschionoole Variant von der deitsche Sproch in Br\\u00e4silje. Hunsriqueano Riograndense \\u00e9 a variante regional da l\\u00edngua alem\\u00e3 mais falada no Brasil. Riograndenser Hunsr\\u00fcckisch es la variante regional del alem\\u00e1n m\\u00e1s hablada en Brasil.\",\"inLanguage\":\"en-US\",\"publisher\":{\"@id\":\"https:\\\/\\\/www.hunsriqueano.riolingo.com\\\/blog\\\/#organization\"}}]}\n\t\t<\/script>\n\t\t<!-- All in One SEO -->\n\n","aioseo_head_json":{"title":"Incentivo ao dialeto\/Dialektgebrauch: HIER SPRICHT MAN DEITSCH! | Riograndenser Hunsr\u00fcckisch","description":"","canonical_url":"https:\/\/www.hunsriqueano.riolingo.com\/blog\/dialektgebrauch-hier-spricht-man-deitsch\/","robots":"max-image-preview:large","keywords":"","webmasterTools":{"miscellaneous":""},"schema":{"@context":"https:\/\/schema.org","@graph":[{"@type":"Article","@id":"https:\/\/www.hunsriqueano.riolingo.com\/blog\/dialektgebrauch-hier-spricht-man-deitsch\/#article","name":"Incentivo ao dialeto\/Dialektgebrauch: HIER SPRICHT MAN DEITSCH! | Riograndenser Hunsr\u00fcckisch","headline":"Incentivo ao dialeto\/Dialektgebrauch: HIER SPRICHT MAN DEITSCH!","author":{"@id":"https:\/\/www.hunsriqueano.riolingo.com\/blog\/author\/pbeppler\/#author"},"publisher":{"@id":"https:\/\/www.hunsriqueano.riolingo.com\/blog\/#organization"},"image":{"@type":"ImageObject","url":"https:\/\/i0.wp.com\/www.hunsriqueano.riolingo.com\/blog\/wp-content\/uploads\/2014\/01\/Screen-Shot-2014-01-27-at-4.48.56-PM.png?fit=363%2C362&ssl=1","@id":"https:\/\/www.hunsriqueano.riolingo.com\/blog\/dialektgebrauch-hier-spricht-man-deitsch\/#articleImage","width":363,"height":362},"datePublished":"2014-01-28T01:20:55-08:00","dateModified":"2014-01-29T08:16:31-08:00","inLanguage":"en-US","commentCount":1,"mainEntityOfPage":{"@id":"https:\/\/www.hunsriqueano.riolingo.com\/blog\/dialektgebrauch-hier-spricht-man-deitsch\/#webpage"},"isPartOf":{"@id":"https:\/\/www.hunsriqueano.riolingo.com\/blog\/dialektgebrauch-hier-spricht-man-deitsch\/#webpage"},"articleSection":"Allgemeener"},{"@type":"BreadcrumbList","@id":"https:\/\/www.hunsriqueano.riolingo.com\/blog\/dialektgebrauch-hier-spricht-man-deitsch\/#breadcrumblist","itemListElement":[{"@type":"ListItem","@id":"https:\/\/www.hunsriqueano.riolingo.com\/blog#listItem","position":1,"name":"Home","item":"https:\/\/www.hunsriqueano.riolingo.com\/blog","nextItem":{"@type":"ListItem","@id":"https:\/\/www.hunsriqueano.riolingo.com\/blog\/category\/uncategorized\/#listItem","name":"Allgemeener"}},{"@type":"ListItem","@id":"https:\/\/www.hunsriqueano.riolingo.com\/blog\/category\/uncategorized\/#listItem","position":2,"name":"Allgemeener","item":"https:\/\/www.hunsriqueano.riolingo.com\/blog\/category\/uncategorized\/","nextItem":{"@type":"ListItem","@id":"https:\/\/www.hunsriqueano.riolingo.com\/blog\/dialektgebrauch-hier-spricht-man-deitsch\/#listItem","name":"Incentivo ao dialeto\/Dialektgebrauch: HIER SPRICHT MAN DEITSCH!"},"previousItem":{"@type":"ListItem","@id":"https:\/\/www.hunsriqueano.riolingo.com\/blog#listItem","name":"Home"}},{"@type":"ListItem","@id":"https:\/\/www.hunsriqueano.riolingo.com\/blog\/dialektgebrauch-hier-spricht-man-deitsch\/#listItem","position":3,"name":"Incentivo ao dialeto\/Dialektgebrauch: HIER SPRICHT MAN DEITSCH!","previousItem":{"@type":"ListItem","@id":"https:\/\/www.hunsriqueano.riolingo.com\/blog\/category\/uncategorized\/#listItem","name":"Allgemeener"}}]},{"@type":"Organization","@id":"https:\/\/www.hunsriqueano.riolingo.com\/blog\/#organization","name":"Riograndenser Hunsr\u00fcckisch","description":"iss die meischt gesprochne reschionoole Variant von der deitsche Sproch in Br\u00e4silje. Hunsriqueano Riograndense \u00e9 a variante regional da l\u00edngua alem\u00e3 mais falada no Brasil. Riograndenser Hunsr\u00fcckisch es la variante regional del alem\u00e1n m\u00e1s hablada en Brasil.","url":"https:\/\/www.hunsriqueano.riolingo.com\/blog\/"},{"@type":"Person","@id":"https:\/\/www.hunsriqueano.riolingo.com\/blog\/author\/pbeppler\/#author","url":"https:\/\/www.hunsriqueano.riolingo.com\/blog\/author\/pbeppler\/","name":"Paul Beppler","image":{"@type":"ImageObject","@id":"https:\/\/www.hunsriqueano.riolingo.com\/blog\/dialektgebrauch-hier-spricht-man-deitsch\/#authorImage","url":"https:\/\/secure.gravatar.com\/avatar\/1fe20e35538a0b559f3c3413f0be96ff2aa2acf0b0d67144eb6461427e34410d?s=96&d=mm&r=g","width":96,"height":96,"caption":"Paul Beppler"}},{"@type":"WebPage","@id":"https:\/\/www.hunsriqueano.riolingo.com\/blog\/dialektgebrauch-hier-spricht-man-deitsch\/#webpage","url":"https:\/\/www.hunsriqueano.riolingo.com\/blog\/dialektgebrauch-hier-spricht-man-deitsch\/","name":"Incentivo ao dialeto\/Dialektgebrauch: HIER SPRICHT MAN DEITSCH! | Riograndenser Hunsr\u00fcckisch","inLanguage":"en-US","isPartOf":{"@id":"https:\/\/www.hunsriqueano.riolingo.com\/blog\/#website"},"breadcrumb":{"@id":"https:\/\/www.hunsriqueano.riolingo.com\/blog\/dialektgebrauch-hier-spricht-man-deitsch\/#breadcrumblist"},"author":{"@id":"https:\/\/www.hunsriqueano.riolingo.com\/blog\/author\/pbeppler\/#author"},"creator":{"@id":"https:\/\/www.hunsriqueano.riolingo.com\/blog\/author\/pbeppler\/#author"},"datePublished":"2014-01-28T01:20:55-08:00","dateModified":"2014-01-29T08:16:31-08:00"},{"@type":"WebSite","@id":"https:\/\/www.hunsriqueano.riolingo.com\/blog\/#website","url":"https:\/\/www.hunsriqueano.riolingo.com\/blog\/","name":"Riograndenser Hunsr\u00fcckisch","description":"iss die meischt gesprochne reschionoole Variant von der deitsche Sproch in Br\u00e4silje. Hunsriqueano Riograndense \u00e9 a variante regional da l\u00edngua alem\u00e3 mais falada no Brasil. Riograndenser Hunsr\u00fcckisch es la variante regional del alem\u00e1n m\u00e1s hablada en Brasil.","inLanguage":"en-US","publisher":{"@id":"https:\/\/www.hunsriqueano.riolingo.com\/blog\/#organization"}}]},"og:locale":"en_US","og:site_name":"Riograndenser Hunsr\u00fcckisch | iss die meischt gesprochne reschionoole Variant von der deitsche Sproch in Br\u00e4silje. Hunsriqueano Riograndense \u00e9 a variante regional da l\u00edngua alem\u00e3 mais falada no Brasil. Riograndenser Hunsr\u00fcckisch es la variante regional del alem\u00e1n m\u00e1s hablada en Brasil.","og:type":"article","og:title":"Incentivo ao dialeto\/Dialektgebrauch: HIER SPRICHT MAN DEITSCH! | Riograndenser Hunsr\u00fcckisch","og:url":"https:\/\/www.hunsriqueano.riolingo.com\/blog\/dialektgebrauch-hier-spricht-man-deitsch\/","article:published_time":"2014-01-28T01:20:55+00:00","article:modified_time":"2014-01-29T08:16:31+00:00","twitter:card":"summary","twitter:title":"Incentivo ao dialeto\/Dialektgebrauch: HIER SPRICHT MAN DEITSCH! | Riograndenser Hunsr\u00fcckisch"},"aioseo_meta_data":{"post_id":"769","title":null,"description":null,"keywords":null,"keyphrases":null,"primary_term":null,"canonical_url":null,"og_title":null,"og_description":null,"og_object_type":"default","og_image_type":"default","og_image_url":null,"og_image_width":null,"og_image_height":null,"og_image_custom_url":null,"og_image_custom_fields":null,"og_video":null,"og_custom_url":null,"og_article_section":null,"og_article_tags":null,"twitter_use_og":false,"twitter_card":"default","twitter_image_type":"default","twitter_image_url":null,"twitter_image_custom_url":null,"twitter_image_custom_fields":null,"twitter_title":null,"twitter_description":null,"schema":{"blockGraphs":[],"customGraphs":[],"default":{"data":{"Article":[],"Course":[],"Dataset":[],"FAQPage":[],"Movie":[],"Person":[],"Product":[],"ProductReview":[],"Car":[],"Recipe":[],"Service":[],"SoftwareApplication":[],"WebPage":[]},"graphName":"Article","isEnabled":true},"graphs":[]},"schema_type":null,"schema_type_options":null,"pillar_content":false,"robots_default":true,"robots_noindex":false,"robots_noarchive":false,"robots_nosnippet":false,"robots_nofollow":false,"robots_noimageindex":false,"robots_noodp":false,"robots_notranslate":false,"robots_max_snippet":null,"robots_max_videopreview":null,"robots_max_imagepreview":"large","priority":null,"frequency":null,"location":null,"local_seo":null,"breadcrumb_settings":null,"limit_modified_date":false,"ai":null,"created":"2021-02-05 18:05:55","updated":"2025-06-04 15:15:49","seo_analyzer_scan_date":null,"focus_keyword":null,"additional_keywords":null,"truseo_locale":null},"aioseo_breadcrumb":"<div class=\"aioseo-breadcrumbs\"><span class=\"aioseo-breadcrumb\">\n\t\t\t<a href=\"https:\/\/www.hunsriqueano.riolingo.com\/blog\" title=\"Home\">Home<\/a>\n\t\t<\/span><span class=\"aioseo-breadcrumb-separator\">&raquo;<\/span><span class=\"aioseo-breadcrumb\">\n\t\t\t<a href=\"https:\/\/www.hunsriqueano.riolingo.com\/blog\/category\/uncategorized\/\" title=\"Allgemeener\">Allgemeener<\/a>\n\t\t<\/span><span class=\"aioseo-breadcrumb-separator\">&raquo;<\/span><span class=\"aioseo-breadcrumb\">\n\t\t\tIncentivo ao dialeto\/Dialektgebrauch: HIER SPRICHT MAN DEITSCH!\n\t\t<\/span><\/div>","aioseo_breadcrumb_json":[{"label":"Home","link":"https:\/\/www.hunsriqueano.riolingo.com\/blog"},{"label":"Allgemeener","link":"https:\/\/www.hunsriqueano.riolingo.com\/blog\/category\/uncategorized\/"},{"label":"Incentivo ao dialeto\/Dialektgebrauch: HIER SPRICHT MAN DEITSCH!","link":"https:\/\/www.hunsriqueano.riolingo.com\/blog\/dialektgebrauch-hier-spricht-man-deitsch\/"}],"jetpack_publicize_connections":[],"jetpack_shortlink":"https:\/\/wp.me\/p9sRFr-cp","jetpack_sharing_enabled":true,"jetpack_featured_media_url":"","_links":{"self":[{"href":"https:\/\/www.hunsriqueano.riolingo.com\/blog\/wp-json\/wp\/v2\/posts\/769","targetHints":{"allow":["GET"]}}],"collection":[{"href":"https:\/\/www.hunsriqueano.riolingo.com\/blog\/wp-json\/wp\/v2\/posts"}],"about":[{"href":"https:\/\/www.hunsriqueano.riolingo.com\/blog\/wp-json\/wp\/v2\/types\/post"}],"author":[{"embeddable":true,"href":"https:\/\/www.hunsriqueano.riolingo.com\/blog\/wp-json\/wp\/v2\/users\/2"}],"replies":[{"embeddable":true,"href":"https:\/\/www.hunsriqueano.riolingo.com\/blog\/wp-json\/wp\/v2\/comments?post=769"}],"version-history":[{"count":0,"href":"https:\/\/www.hunsriqueano.riolingo.com\/blog\/wp-json\/wp\/v2\/posts\/769\/revisions"}],"wp:attachment":[{"href":"https:\/\/www.hunsriqueano.riolingo.com\/blog\/wp-json\/wp\/v2\/media?parent=769"}],"wp:term":[{"taxonomy":"category","embeddable":true,"href":"https:\/\/www.hunsriqueano.riolingo.com\/blog\/wp-json\/wp\/v2\/categories?post=769"},{"taxonomy":"post_tag","embeddable":true,"href":"https:\/\/www.hunsriqueano.riolingo.com\/blog\/wp-json\/wp\/v2\/tags?post=769"}],"curies":[{"name":"wp","href":"https:\/\/api.w.org\/{rel}","templated":true}]}}