{"id":504,"date":"2013-05-14T12:07:24","date_gmt":"2013-05-14T12:07:24","guid":{"rendered":"http:\/\/www.hunsriqueano.riolingo.com\/blog\/?p=504"},"modified":"2026-05-04T23:47:30","modified_gmt":"2026-05-05T06:47:30","slug":"fundamentos-para-uma-escrita-do-hunsruckisch-falado-no-brasil","status":"publish","type":"post","link":"https:\/\/www.hunsriqueano.riolingo.com\/blog\/fundamentos-para-uma-escrita-do-hunsruckisch-falado-no-brasil\/","title":{"rendered":"Fundamentos para uma escrita do Hunsr\u00fcckisch falado no Brasil"},"content":{"rendered":"<p>Clique na imagem para aument\u00e1-la, para ler o melhor o texto nela contido.<br \/>\nMach en Klick uff&#8217;s Bild, um es zu vergr\u00f6ssre &#8211; so dass du der Text lese kannst.<br \/>\n<a href=\"https:\/\/i0.wp.com\/www.hunsriqueano.riolingo.com\/blog\/wp-content\/uploads\/2013\/05\/Screen-Shot-2014-01-07-Altenhofen-Muttersproch-Sankt-Leopold-RS.jpg.jpg\"><img data-recalc-dims=\"1\" loading=\"lazy\" decoding=\"async\" class=\"alignnone size-full wp-image-1382\" src=\"https:\/\/i0.wp.com\/www.hunsriqueano.riolingo.com\/blog\/wp-content\/uploads\/2013\/05\/Screen-Shot-2014-01-07-Altenhofen-Muttersproch-Sankt-Leopold-RS.jpg.jpg?resize=584%2C376\" alt=\"Screen Shot 2014-01-07 Altenhofen Muttersproch Sankt Leopold - RS.jpg\" width=\"584\" height=\"376\" srcset=\"https:\/\/i0.wp.com\/www.hunsriqueano.riolingo.com\/blog\/wp-content\/uploads\/2013\/05\/Screen-Shot-2014-01-07-Altenhofen-Muttersproch-Sankt-Leopold-RS.jpg.jpg?w=954&amp;ssl=1 954w, https:\/\/i0.wp.com\/www.hunsriqueano.riolingo.com\/blog\/wp-content\/uploads\/2013\/05\/Screen-Shot-2014-01-07-Altenhofen-Muttersproch-Sankt-Leopold-RS.jpg.jpg?resize=300%2C193&amp;ssl=1 300w, https:\/\/i0.wp.com\/www.hunsriqueano.riolingo.com\/blog\/wp-content\/uploads\/2013\/05\/Screen-Shot-2014-01-07-Altenhofen-Muttersproch-Sankt-Leopold-RS.jpg.jpg?resize=465%2C300&amp;ssl=1 465w\" sizes=\"auto, (max-width: 584px) 100vw, 584px\" \/><\/a><\/p>\n<p><a href=\"https:\/\/www.facebook.com\/pages\/Riograndenser-Hunsr%C3%BCckisch\/366655020086673\"><img data-recalc-dims=\"1\" loading=\"lazy\" decoding=\"async\" class=\"size-full wp-image-797 alignright\" src=\"https:\/\/i0.wp.com\/www.hunsriqueano.riolingo.com\/blog\/wp-content\/uploads\/2014\/01\/Screen-Shot-2014-01-29-at-12.07.28-AM.png?resize=194%2C223\" alt=\"Screen Shot 2014-01-29 at 12.07.28 AM\" width=\"194\" height=\"223\" \/><\/a><\/p>\n<p>www.revistacontingentia.com | Cl\u00e9o V. Altenhofen; Jaqueline Frey; Maria L. K\u00e4fer; M\u00e1rio Klassmann; Gerson R. Neumann; Karen Pupp Spinass\u00e9<\/p>\n<p>Fundamentos para uma escrita do Hunsr\u00fcckisch falado no Brasil1<\/p>\n<p>Cl\u00e9o V. Altenhofen \/ Jaqueline Frey \/ Maria Lidiani K\u00e4fer \/ M\u00e1rio S. Klassmann \/ Gerson R. Neumann \/ Karen Pupp Spinass\u00e9 (2007)<\/p>\n<p>This paper discusses a foundation for writing Hunsr\u00fcckisch as a German immigrant language in contact with Brazilian Portuguese. This foundation brings together the main conclusions obtained by the Group for the Studies of Hunsr\u00fcckisch Writing (Grupo de Estudos da Escrita do Hunsr\u00fcckisch \u2013 ESCRITHU). This group was formed at the Language Institute at the Federal University of Rio Grande do Sul with the goal of proposing not only a system of orthographic norms for a language that exists mostly just in oral forms, but also to encourage research on and linguistic education for speakers of this immigrant language. An already extant literature in Hunsr\u00fcckisch includes journal and magazine texts such as Sankt Paulusblatt or the Brummb\u00e4r-Kalendar, published between 1931 and 1935, as well as texts by authors such as Rambo (2002 [1937-1961]), Gross (2001), and Rottmann (1889 [1840]). From these texts various writing formats, guidelines, and goals for an orthographic norm are analyzed, be they for the written expression of the speakers or for useful instruments in the transliteration of ethnotexts within the ALMA-H project ( Linguistic-Contactual Atlas of the German Minorities in the La Plata Basin: Hunsr\u00fcckisch), with which ESCRITHU collaborates.<\/p>\n<p>Key words: immigrant minority language; Hunsr\u00fcckisch; orthography; written language; German teaching.<\/p>\n<p>1 Introdu\u00e7\u00e3o<\/p>\n<p>Com as discuss\u00f5es em torno da cria\u00e7\u00e3o, no \u00e2mbito do IPHAN (Instituto do Patrim\u00f4nio Hist\u00f3rico e Art\u00edstico Nacional),2 de um Livro das L\u00ednguas Brasileiras, tem crescido o interesse na organiza\u00e7\u00e3o social das cerca de 180 l\u00ednguas ind\u00edgenas e aproximadamente 30 l\u00ednguas de imigra\u00e7\u00e3o faladas ao lado do portugu\u00eas, no Brasil. Como uma dessas l\u00ednguas do tipo al\u00f3ctone ou de imigra\u00e7\u00e3o3 mais em evid\u00eancia, ainda recaem sobre o Hunsr\u00fcckisch uma s\u00e9rie de tarefas. Uma dessas tarefas adv\u00e9m justamente da sua condi\u00e7\u00e3o de variedade dialetal essencialmente falada, que n\u00e3o disp\u00f5e de uma pr\u00e1tica e registro escrito sistematizados, fun\u00e7\u00e3o que at\u00e9 hoje tem sido coberta pelas normas cultas do Hochdeutsch e do portugu\u00eas.<\/p>\n<p>Entende-se, assim, por que o falante de Hunsr\u00fcckisch, apesar de ser esta sua l\u00edngua materna, sempre cogitou exclusivamente do portugu\u00eas ou do alem\u00e3o-padr\u00e3o para a fun\u00e7\u00e3o da escrita, a n\u00e3o ser em situa\u00e7\u00f5es em que comumente aflora o desejo de express\u00e3o da identidade e da cultura local, como nos texto humor\u00edsticos. Um exemplo que ilustra a primazia da l\u00edngua-padr\u00e3o para a fun\u00e7\u00e3o escrita s\u00e3o os Wandschoner (panos para proteger parede), dos quais n\u00e3o temos conhecimento de exemplar que apresente uma frase ou ditado no dialeto local, embora muitas vezes com algum tra\u00e7o de coloquialidade.<\/p>\n<p>Neste sentido, pode-se admitir que, ao longo da hist\u00f3ria do contato alem\u00e3o-portugu\u00eas, tenha ocorrido uma esp\u00e9cie de diglossia, como os ling\u00fcistas chamam o uso de duas variedades (alta e baixa) para fun\u00e7\u00f5es sociais distintas. Isso significa, em outras palavras, que se falava Hunsr\u00fcckisch, por\u00e9m se escrevia Hochdeutsch \u2013 a Schriftsprache, ou ainda popularmente o \u201calem\u00e3o gramatical\u201d \u2013, isto \u00e9, uma variedade aprendida na escola, com o aux\u00edlio de uma gram\u00e1tica que sistematiza e normatiza essa escrita. Com a pol\u00edtica de nacionaliza\u00e7\u00e3o do Estado Novo (1937-1945) e a conseq\u00fcente repress\u00e3o e retrocesso do ensino de alem\u00e3o na escola b\u00e1sica e fundamental, a fun\u00e7\u00e3o de l\u00edngua escrita passou a ser<br \/>\nassumida pelo portugu\u00eas.<\/p>\n<p>Apesar dessa tend\u00eancia geral, \u00e9 poss\u00edvel identificar um conjunto de textos em Hunsr\u00fcckisch que permitem ao menos falar de uma \u201cpequena\u201d tradi\u00e7\u00e3o escrita nessa variedade. \u00c9 verdade que o teor desses textos atende a um apelo fortemente humor\u00edstico sobre um fundo metarreferencial que busca documentar e cultivar um modo de express\u00e3o familiar e de cunho identit\u00e1rio. Poder\u00edamos falar por isso da exist\u00eancia de etnotextos escritos e de uma vis\u00e3o de mundo que reflete a cultura do grupo \u00e9tnico em quest\u00e3o. O<br \/>\nque, no entanto, falta que impe\u00e7a e justifique uma produ\u00e7\u00e3o escrita mais significativa e constante, onde antes s\u00f3 havia a oralidade? Constitui uma premissa deste estudo a convic\u00e7\u00e3o de que cabe atribuir ao dialeto, antes de tudo, o mesmo status de l\u00edngua a que t\u00eam direito o alem\u00e3o-padr\u00e3o e o portugu\u00eas enquanto l\u00ednguas hist\u00f3ricas com exist\u00eancia oral e escrita. Isso implica naturalmente a cria\u00e7\u00e3o de um instrumento inicial de sistematiza\u00e7\u00e3o dessa escrita, como ponto de partida.<\/p>\n<p>A id\u00e9ia de fixar, ou melhor, normatizar uma escrita para o Hunsr\u00fcckisch tem, portanto, fundamento no pr\u00f3prio papel que a escrita exerce enquanto forma de express\u00e3o e segue, como tal, princ\u00edpios pr\u00f3prios observ\u00e1veis, por exemplo, na hist\u00f3ria de todas as grandes l\u00ednguas internacionais. Todas essas l\u00ednguas tiveram, em seus diversos est\u00e1gios, especialmente os iniciais, varia\u00e7\u00f5es muito grandes da grafia de uma mesma palavra ou lexema e, s\u00f3 com a pr\u00e1tica e o trabalho de sitematiza\u00e7\u00e3o de estudiosos, foram<br \/>\nestabelecendo sua norma escrita como a conhecemos hoje.<\/p>\n<p>O presente artigo reproduz, de certa forma, esse caminho cl\u00e1ssico. Pretende-se, com a considera\u00e7\u00e3o da \u201cpequena\u201d tradi\u00e7\u00e3o, a que j\u00e1 se aludiu, dos estudos existentes, bem como de uma s\u00e9rie de princ\u00edpios previamente fixados, propor um conjunto de normas que oriente uma escrita sistematizada do Hunsr\u00fcckisch. Para tanto, criou-se no Instituto de Letras da UFRGS o Grupo de Estudos da Escrita do Hunsr\u00fcckisch (ESCRITHU) que tem por objetivo n\u00e3o apenas criar esse sistema de normas, mas tamb\u00e9m refletir e<br \/>\nfomentar o estudo e educa\u00e7\u00e3o ling\u00fc\u00edsticas dessa variedade que, segundo estimativas de pesquisas, conta com cerca de 500.000 falantes s\u00f3 no Rio Grande do Sul.4 O grupo ESCRITHU, constitu\u00eddo em sua maioria por falantes de Hunsr\u00fcckisch e pesquisadores dessa variedade de contato com o portugu\u00eas, insere-se no projeto ALMA-H ( Atlas Ling\u00fc\u00edstico-Contatual das Minorias Alem\u00e3s na Bacia do Prata: Hunsr\u00fcckisch), como<br \/>\nsub-projeto deste (v. ALTENHOFEN 2004).<\/p>\n<p>2 Princ\u00edpios de ortografia: por onde orientar a escrita do Hunsr\u00fcckisch?<\/p>\n<p>Antes de fixar ou optar por qualquer proposta de registro escrito de uma l\u00edngua como o Hunsr\u00fcckisch, \u00e9 preciso perguntar sobre os objetivos a que se destina tal escrita. Neste particular, podemos identificar diferentes pontos de vista, que refletem uma s\u00e9rie de dilemas, entre os quais se pode destacar:<\/p>\n<p>1.\u00b0) o dilema entre \u201co ideal fonogr\u00e1fico (uma escrita que refletisse regularmente uma forma idealizada de pronunciar) e o princ\u00edpio ideogr\u00e1fico (que opta por manter a etimologia, a nota\u00e7\u00e3o das palavras em sua l\u00edngua original)\u201d (MORAIS 2003, p. 11).<\/p>\n<p>2.\u00b0) o dilema entre considerar a vincula\u00e7\u00e3o hist\u00f3rica com a matriz ling\u00fc\u00edstica original e o desejo de se afastar e diferenciar dessa origem, em virtude de uma identidade nova.<\/p>\n<p>3.\u00b0) finalidades de leitura (receptiva) e de produ\u00e7\u00e2o escrita (autora).<\/p>\n<p>4.\u00b0) a finalidade estritamente comunicativa e pr\u00e1tica versus o prop\u00f3sito did\u00e1tico-pedag\u00f3gico, com o intuito de desenvolver a reflex\u00e3o e educa\u00e7\u00e3o sobre a l\u00edngua;<\/p>\n<p>5.\u00b0) defini\u00e7\u00e3o de um p\u00fablico-alvo fechado e restrito aos usu\u00e1rios da l\u00edngua grafada membros da comunidade ling\u00fc\u00edstica ou p\u00fablico-alvo aberto a n\u00e3o-falantes ou membros de outras comunidades ling\u00fc\u00edsticas.<\/p>\n<p>O primeiro aspecto levanta, segundo Morais (2003), quest\u00f5es que v\u00e3o muito al\u00e9m da mera codifica\u00e7\u00e3o de rela\u00e7\u00f5es som-grafema. Se simplesmente segu\u00edssemos a tese da \u201cescrita fon\u00e9tica\u201d (=escrever como se pronuncia), que seus defensores acreditam ser mais simples, ter\u00edamos ao final mais de uma l\u00edngua escrita, pois \u00e9 diferente a natureza interpretativa do som pelos diferentes falantes, assim como tamb\u00e9m variam as pron\u00fancias na produ\u00e7\u00e2o oral dos falantes. Conforme enfatiza Morais (2003, p. 13), \u201ca perfei\u00e7\u00e2o<br \/>\nalfab\u00e9tica \u00e9 uma ilus\u00e3o\u201d, seja qual caminho se adote, e \u201csempre as solu\u00e7\u00f5es encontradas ter\u00e3o sido op\u00e7\u00f5es, solu\u00e7\u00f5es arbitradas que se transformaram em conven\u00e7\u00e3o, lei\u201d.<\/p>\n<p>Neste sentido, o que o grupo ESCRITHU est\u00e1 propondo vai muito no sentido de fixar \u201cnormas ortogr\u00e1ficas\u201d por onde se possa sistematizar a escrita do Hunsr\u00fcckisch. Evidentemente, essas normas seguem determinados objetivos e op\u00e7\u00f5es mais imediatos. Mas ser\u00e1 a recep\u00e7\u00e3o pelos usu\u00e1rios e a pr\u00e1tica de escrita e leitura pelos falantes e demais interessados que dar\u00e3o legitimidade a essas normas de grafia, sugerindo inclusive as altera\u00e7\u00f5es que couberem. Por esta raz\u00e3o, na tentativa de harmonizar os diferentes opostos dos dilemas apontados acima, fixamos os seguintes crit\u00e9rios e objetivos:<\/p>\n<p>a) Entende-se a escrita, acima de tudo, como conven\u00e7\u00e3o e regra sistem\u00e1tica que, como qualquer sistema novo que se fixe, por mais simples que seja, precisa ser aprendida (neste sentido, importa o resultado que a leitura de um segmento produz oralmente; p.ex. se fixarmos que Johr \u2018ano\u2019 se l\u00ea como Rohr \u2018cano\u2019, a representa\u00e7\u00e3o grafem\u00e1tica do segmento \u00e9 lida como tal, e n\u00e3o de outra forma, seguindo outro paradigma).<\/p>\n<p>b) A proposta n\u00e3o se direciona apenas a falantes de Hunsr\u00fcckisch, mas pretende ser compreens\u00edvel tamb\u00e9m a membros falantes de outras variedades do alem\u00e3o (uma escrita puramente fon\u00e9tica baseada no portugu\u00eas excluiria o p\u00fablico n\u00e3o-falante nativo e aumentaria o v\u00e1cuo entre o Hunsr\u00fcckisch e o Hochdeutsch, n\u00e3o permitindo por exemplo que um professor de alem\u00e3o fizesse compara\u00e7\u00f5es relevantes, para fins<br \/>\ndid\u00e1ticos).<\/p>\n<p>c) Distingue-se entre as habilidades de escrita e de leitura de textos produzidos de acordo<br \/>\ncom as normas fixadas (a primeira certamente exige um grau de letramento e portanto de familiaridade com o alem\u00e3o escrito maior).<\/p>\n<p>d) Vale ressaltar que o Hunsr\u00fcckisch \u00e9 entendido como \u201cl\u00edngua\u201d distinta do Hochdeutsch (alem\u00e3o-padr\u00e3o), embora se vincule a ele historicamente e por semelhan\u00e7a ling\u00fc\u00edstica. Quando se adota no Hunsr\u00fcckisch tra\u00e7os da escrita semelhantes \u00e0 do Hochdeutsch, n\u00e3o se est\u00e1 de modo algum adequando ou adaptando a forma, mas sim apenas adotando uma conven\u00e7\u00e3o que atesta uma coincid\u00eancia de formas independentes,<br \/>\napesar da semelhan\u00e7a.<\/p>\n<p>e) N\u00e3o se considera que o pr\u00e9-conhecimento de elementos gr\u00e1ficos do Hochdeutsch esteja totalmente ausente. Pelo contr\u00e1rio, partimos do princ\u00edpio de que os falantes de Hunsr\u00fcckisch possuem, naturalmente em grau variado, alguma no\u00e7\u00e3o pr\u00e9via de conven\u00e7\u00f5es da escrita do alem\u00e3o, desde sobrenomes ( Schneider, M\u00fcller, Neumann, K\u00e4fer etc.) ou inscri\u00e7\u00f5es de top\u00f4nimos ou festas observ\u00e1veis no meio social, at\u00e9 o<br \/>\nacesso a publica\u00e7\u00f5es locais em alem\u00e3o ( Familien-Kalender, Sankt-Paulus-Blatt etc.).<\/p>\n<p>f) A proposta tem por isso objetivo did\u00e1tico, no sentido de que visa n\u00e3o somente a instrumentalizar o falante e a n\u00f3s pr\u00f3prios para o registro do Hunsr\u00fcckisch, como tamb\u00e9m fomentar a educa\u00e7\u00e3o ling\u00fc\u00edstica dos falantes sobre o papel e funcionamento de sua l\u00edngua materna e de uma l\u00edngua de modo geral.<\/p>\n<p>g) Reconhecem-se pelo menos tr\u00eas grandes variantes do Hunsr\u00fcckisch, partindo da tipologia de Altenhofen (1996, mapa 6, v. anexo), a saber:<\/p>\n<p>1. Hunsr\u00fcckisch com tra\u00e7os [+ moselanos] (o tipo com maior n\u00famero de tra\u00e7os dialetais que o distanciam do Hochdeutsch): p.ex. falantes de dat\/ wat (predomina na maioria dos autores, como RAMBO [1937-1961] e BRUMMB\u00c4R-KALENDER [1931-1935]);<\/p>\n<p>2. Hunsr\u00fcckisch com tra\u00e7os [+ renanos] (segundo o estudo de Altenhofen (1996), o tipo mais falado): p.ex. falantes de das\/ was (mais comum em SPOHR [v\u00e1rios] e em GROSS 2001);<\/p>\n<p>3. Hunsr\u00fcckisch atenuado, com tra\u00e7os mais pr\u00f3ximos do padr\u00e3o: p.ex. falantes de \/ai\/ em lugar de \/e:\/, como em Bein, (mais comum em FLACH 2004).<\/p>\n<p>O ESCRITHU respeita cada uma dessas variantes como leg\u00edtimas e toma como regra que cada autor utilize a sua variante materna, por\u00e9m com as mesmas normas de escrita de cada som espec\u00edfico.<\/p>\n<p>h) A proposta destina-se inicialmente \u00e0s finalidades internas do Grupo, mas, conforme j\u00e1 se disse, ser\u00e1 sua pr\u00e1tica e utiliza\u00e7\u00e3o externa, atrav\u00e9s de uma s\u00e9rie de testes e atividades que, eventualmente, podem ser realizadas (p.ex. workshops, publica\u00e7\u00e3o de textos etc.), que lhe conferir\u00e1 a efic\u00e1cia desejada.<\/p>\n<p>i) \u00c9 uma das inten\u00e7\u00f5es do ESCRITHU elaborar posteriormente um Dicion\u00e1rio tril\u00edng\u00fce<br \/>\nHunsr\u00fcckisch-Hochdeutsch-Brasilianisch (compreende-se o dicion\u00e1rio igualmente como instrumento de aux\u00edlio para consulta de d\u00favidas sobre grafia, como comumente fazemos at\u00e9 mesmo no portugu\u00eas e no alem\u00e3o-padr\u00e3o).<\/p>\n<p>j) A escrita proposta servir\u00e1 de base para a translitera\u00e7\u00e3o de dados, sobretudo etnotextos, coletados pelo ALMA-H na rede de pontos do projeto (ao todo, 38).<\/p>\n<p>k) A presente proposta de escrita considera a tradi\u00e7\u00e3o pr\u00e9-existente e a vincula\u00e7\u00e3o hist\u00f3rica e ling\u00fc\u00edstica ao alem\u00e3o, de onde proveio (crit\u00e9rio gen\u00e9tico). Do ponto de vista da gest\u00e3o da l\u00edngua pela comunidade de fala, ao contr\u00e1rio, reconhece-se o status de brasilidade da l\u00edngua de imigra\u00e7\u00e3o Hunsrickisch, com l\u00edngua brasileira que adquiriu sua autonomia e tra\u00e7os particulares no novo meio.<\/p>\n<p>Segue a an\u00e1lise e discuss\u00e3o de alguns problemas e op\u00e7\u00f5es envolvendo diferentes aspectos pass\u00edveis de sistematiza\u00e7\u00e3o no registro escrito de sons do vocalismo e consonantismo, bem como de aspectos tipogr\u00e1ficos e formais. Casos mais problem\u00e1ticos e pol\u00eamicos, para os quais n\u00e3o existe ainda consenso, ser\u00e3o resolvidos atrav\u00e9s da pr\u00e1tica de uso das normas ortogr\u00e1ficas pelos diferentes usu\u00e1rios.<\/p>\n<p>2 Aspectos tipogr\u00e1ficos<\/p>\n<p>a) Substantivos com inicial mai\u00fascula ou min\u00fascula<\/p>\n<p>Uma das primeiras decis\u00f5es que cabe tomar envolve o registro da inicial dos substantivos. Poderia algu\u00e9m alegar que o uso geral de inicial min\u00fascula, como no portugu\u00eas, facilitaria a escrita. Outros, por\u00e9m, como por exemplo aprendizes de alem\u00e3o t\u00eam apontado a vantagem de, na leitura, reconhecer e identificar mais facilmente os componentes da frase, na medida em que o substantivo aparece discriminado pela inicial mai\u00fascula. N\u00e3o nos parece problem\u00e1tico optar por esta \u00faltima forma, principalmente se pensarmos no car\u00e1ter pedag\u00f3gico que queremos imprimir ao trabalho com a escrita do Hunsr\u00fcckisch. Al\u00e9m disso, tal decis\u00e3o \u00e9 respaldada quase unanimemente na tradi\u00e7\u00e3o (vejam-se RAMBO [1937-1961], FLACH 2004, GROSS 2001, M\u00dcLLER 1996, BRUMMB\u00c4R-KALENDER [1931-1935], COLLISCHONN [v\u00e1rios], dentre outros).<\/p>\n<p>b) Palavras compostas<\/p>\n<p>O mesmo argumento da compreensibilidade do escrito vale para as palavras compostas que, a nosso ver, deveriam respeitar a forma aglutinada, por constitu\u00edrem unidades sem\u00e2nticas pr\u00f3prias (p.ex. Reenscherrem \u2018guarda-chuva\u2019, e n\u00e3o Reen scherrem, Tischtuch \u2018toalha de mesa\u2019, e n\u00e3o Tisch tuch). A forma separada pode dar margem a d\u00favidas e ambig\u00fcidades, como p.ex. em spritz bier \u2018 Spritzbier, a cerveja caseira\u2019.<\/p>\n<p>c) Empr\u00e9stimos do portugu\u00eas: empr\u00e9stimos integrados ou estrangeirismos<\/p>\n<p>No caso dos empr\u00e9stimos do portugu\u00eas, maci\u00e7amente encontrados no Hunsr\u00fcckisch, colocam-se dificuldades em exemplos, onde a ortografia do portugu\u00eas difere substancialmente da do sistema de refer\u00eancia do alem\u00e3o e, por conhecimento do portugu\u00eas, tend\u00eassemos \u00e0 ortografia da l\u00edngua de origem. Um exemplo que ilustra esse impasse \u00e9 o lusismo cal\u00e7ada, que no Hunsr\u00fcckisch pode aparecer como estrangeirismo (quando mant\u00e9m a mesma forma da l\u00edngua-fonte) \u2013 neste caso, die Cal\u00e7ada \u2013 ou como empr\u00e9stimo j\u00e1 integrado ao sistema fonol\u00f3gico do Hunsr\u00fcckisch \u2013 neste caso, die Kalsoode. Tal se observa tamb\u00e9m em galicismos como die chamant \u2018simp\u00e1tico\u2019 (fr. charmant). Como proceder nesses casos?<\/p>\n<p>Seguindo os princ\u00edpios fixados, poder\u00edamos sugerir que os estrangeirismos seguem a ortografia da l\u00edngua de origem, e os empr\u00e9stimos integrados as regras da escrita do Hunsr\u00fcckisch. A isso, por\u00e9m \u00e9 preciso somar a for\u00e7a do uso corrente e recorrente de determinada forma. A pr\u00e1tica ainda nem sempre tem sido t\u00e3o conseq\u00fcente, como mostra o t\u00edtulo de um texto de W. H. Collischonn, na coluna Der Friedolin, intitulada Uff de Cal\u00e7ode abgeritscht. Nos parece que a sistematiza\u00e7\u00e3o proposta pode ajudar como orienta\u00e7\u00e3o, embora se deva reconhecer que esses casos s\u00e3o fortemente regulados pela regra do uso, a qual explica por exemplo grafias como Chor \u2018coral\u2019, ao inv\u00e9s de Kohr, que causaria forte estranhamento no leitor. Nessa linha de racioc\u00ednio, \u00e9 preciso levar em conta tamb\u00e9m grafias como a do exemplo Cal\u00e7ode. A pr\u00e1tica do uso recorrente certamente ir\u00e1 regular esses casos.<\/p>\n<p>Vale ressaltar que, na nossa concep\u00e7\u00e3o de escrita, entendemos que ao processo de leitura de um texto subjaz um di\u00e1logo intertextual e intercultural, no qual o leitor compara e associa conhecimentos e palavras. Ou seja, um texto em Hunsr\u00fcckisch n\u00e3o existe no v\u00e1cuo, mas dialoga com outros textos inclusive textos escritos em portugu\u00eas e Hochdeutsch.<\/p>\n<p>3 Vocalismo<\/p>\n<p>3.1 Dura\u00e7\u00e3o da vogal<\/p>\n<p>No portugu\u00eas, n\u00e3o h\u00e1 distin\u00e7\u00e3o entre vogais breves e longas, e conseq\u00fcentemente, n\u00e3o h\u00e1 grafemas no portugu\u00eas para marcar esta distin\u00e7\u00e3o, o que nos leva a recorrer a regras do alem\u00e3o.<\/p>\n<p>3.1.1 Vogais breves<\/p>\n<p>a) No alem\u00e3o, vogal seguida de duas consoantes \u00e9 pronunciada com dura\u00e7\u00e3o breve. Essa regra \u00e9 seguida de maneira mais ou menos conseq\u00fcente pelos autores que escrevem em Hunsr\u00fcckisch:<\/p>\n<p>\u201cWenn de alte Vetter Pitter sei gross Brill uff die Nas gesetzt hot\u201d \u2018Quando o velho tio Pedro acavalava os \u00f3culos sobre o nariz\u2019 (RAMBO 2002, v. 1, p. 156)<\/p>\n<p>\u201cDonnaschtags Mittags hatt\u2019a de Zug geholl bis Santa Maria\u201c \u2018Quintas-feiras \u00e0 tarde pegava o trem at\u00e9 Santa Maria\u2019 (FLACH 2004, p. 102)<\/p>\n<p>\u201cDie Kinna wolle, die Fraa will, unn de Mann will nix demit wisse. Unn dann?\u201c \u2018As crian\u00e7as querem, a mulher quer e o homem n\u00e3o quer saber de nada disso. E da\u00ed?\u2019 (SPOHR, Familien-Kalender 2006, p. 130)<\/p>\n<p>A regra aplica-se de modo geral tamb\u00e9m a exemplos monossil\u00e1bicos muito freq\u00fcentes, como uff, unn e honn. Talvez, aqui, o uso e a pr\u00e1tica possam sugerir uma forma simples.<\/p>\n<p>b) Um caso particular de aplica\u00e7\u00e3o dessa regra s\u00e3o os exemplos decorrentes da adi\u00e7\u00e3o de uma vogal epent\u00e9tica, como em Milch \u2018leite\u2019, que se torna Millich, ou Berg var. Berch \u2018morro\u2019, que fica Berrich. A duplica\u00e7\u00e3o da consoante, para marcar que a vogal \u00e9 breve, \u00e9 usada pela maioria dos autores, como Spohr (p.ex. Kerrich, Familien-Kalender 2006, p. 106) e principalmente Rambo ( Kerrich, 2002, v. 2, p. 49; Millichstross, 2002, v. 1, p. 81). Em nossa proposta, apesar da inclina\u00e7\u00e3o inicial para a forma simples, por quest\u00f5es, decidiu-se por fim pela aplica\u00e7\u00e3o sistem\u00e1tica da regra apresentada em a).<\/p>\n<p>c) As vogais \u00e1tonas n\u00e3o oferecem grandes problemas, a n\u00e3o ser a vogal \/a\/ em final de s\u00edlaba, que em muitas palavras, e inclusive em nomes e sobrenomes (ex. Peter, Schneider, K\u00e4fer), \u00e9 grafada como &lt; -er&gt;. Aqui, parece haver bastante diverg\u00eancias.<\/p>\n<style><!--\n\/* Style Definitions *\/\np.MsoNormal, li.MsoNormal, div.MsoNormal\n\t{mso-style-unhide:no;\n\tmso-style-qformat:yes;\n\tmso-style-parent:\"\";\n\tmargin:0in;\n\tmargin-bottom:.0001pt;\n\tmso-pagination:none;\n\tmso-layout-grid-align:none;\n\ttext-autospace:none;\n\tfont-size:12.0pt;\n\tfont-family:\"Times New Roman\";\n\tmso-fareast-font-family:\"Times New Roman\";}\n.MsoChpDefault\n\t{mso-style-type:export-only;\n\tmso-default-props:yes;\n\tfont-size:10.0pt;\n\tmso-ansi-font-size:10.0pt;\n\tmso-bidi-font-size:10.0pt;}\n@page WordSection1\n\t{size:8.5in 11.0in;\n\tmargin:1.0in 1.25in 1.0in 1.25in;\n\tmso-header-margin:.5in;\n\tmso-footer-margin:.5in;\n\tmso-paper-source:0;}\ndiv.WordSection1\n\t{page:WordSection1;}\n--><\/style>\n<style><!--\n\/* Style Definitions *\/\np.MsoNormal, li.MsoNormal, div.MsoNormal\n\t{mso-style-unhide:no;\n\tmso-style-qformat:yes;\n\tmso-style-parent:\"\";\n\tmargin:0in;\n\tmargin-bottom:.0001pt;\n\tmso-pagination:none;\n\tmso-layout-grid-align:none;\n\ttext-autospace:none;\n\tfont-size:12.0pt;\n\tfont-family:\"Times New Roman\";\n\tmso-fareast-font-family:\"Times New Roman\";}\n.MsoChpDefault\n\t{mso-style-type:export-only;\n\tmso-default-props:yes;\n\tfont-size:10.0pt;\n\tmso-ansi-font-size:10.0pt;\n\tmso-bidi-font-size:10.0pt;}\n@page WordSection1\n\t{size:8.5in 11.0in;\n\tmargin:1.0in 1.25in 1.0in 1.25in;\n\tmso-header-margin:.5in;\n\tmso-footer-margin:.5in;\n\tmso-paper-source:0;}\ndiv.WordSection1\n\t{page:WordSection1;}\n--><\/style>\n<p>Alguns autores chegam a misturar as formas &lt;-er&gt; e &lt;a&gt;, muitas vezes no mesmo texto. De modo geral, em Rambo, Rottmann e Gross predomina o emprego de &lt;-er&gt;, enquanto que Spohr e Collischonn variam o emprego entre &lt;-er&gt; e &lt;a&gt;. Exemplos: <i style=\"mso-bidi-font-style: normal;\">imma<\/i> \u2018sempre\u2019, <i style=\"mso-bidi-font-style: normal;\">awer<\/i> var. <i style=\"mso-bidi-font-style: normal;\">awa<\/i> \u2018mas\u2019, <i style=\"mso-bidi-font-style: normal;\">unsa<\/i> var. <i style=\"mso-bidi-font-style: normal;\">unser<\/i> \u2018nosso\u2019 (COLLISCHONN in: <i style=\"mso-bidi-font-style: normal;\">Der Friedolin<\/i>, 2006). Uma exce\u00e7\u00e3o \u00e9 Flach, que emprega sistematicamente a grafia <span style=\"font-size: 12.0pt; font-family: 'Times New Roman'; mso-fareast-font-family: 'Times New Roman'; mso-ansi-language: EN-US; mso-fareast-language: EN-US; mso-bidi-language: AR-SA;\">&lt;a&gt;, inclusive no t\u00edtulo de seu livro <i style=\"mso-bidi-font-style: normal;\">Unsa gut deitsch Kolonie<\/i>. <\/span><\/p>\n<p>Um problema maior aparece em contextos de s\u00edlaba t\u00f4nica. Evidentemente que a grafia de um pronome como Wer \u2018quem\u2019 tem de fato o efeito desejado, na medida em que a sua pron\u00fancia conhecida da escrita do padr\u00e3o coincide com a do Hunsr\u00fcckisch. O que fazer, no entanto\u00b4, com palavras como mehr var. meh \u2018mais\u2019, Meer \u2018mar\u2019, mir var. mea \u2018a mim\u2019 e a forma para o pronome pessoal mea var. mia \u2018n\u00f3s\u2019.<\/p>\n<p>Nossa op\u00e7\u00e3o \u00e9 pelo emprego de &lt; -er&gt; em posi\u00e7\u00e3o p\u00f3s-t\u00f4nica (p.ex. unser \u2018nosso\u2019, Fenster \u2018janela\u2019, awer \u2018mas\u2019) e de em posi\u00e7\u00e3o t\u00f4nica (p.ex. Weat \u2018valor\u2019, heat \u2018ouve\u2019), ressalvadas as exce\u00e7\u00f5es fixadas pelo uso recorrente. A op\u00e7\u00e3o por &lt; -er&gt; se deve \u00e0 sua rela\u00e7\u00e3o l\u00f3gica com a forma\u00e7\u00e3o do plural e da declina\u00e7\u00e3o de modo geral, onde aparece um \/r\/. Exemplo: unsre Fenstre \u2018nossas janelas\u2019. Este argumento est\u00e1 em sintonia com nosso prop\u00f3sito de fomentar, com esse trabalho, a reflex\u00e3o e a educa\u00e7\u00e3o ling\u00fc\u00edstica em torno da l\u00edngua materna.<\/p>\n<p>d) Os mesmos argumentos usados para o caso anterior valem, em parte, tamb\u00e9m para a grafia de (como em vor \u2018antes, na frente\u2019, Motor \u2018motor\u2019). Flach registra , seguindo a mesma tend\u00eancia para &lt; (e)a&gt;. Nossa d\u00favida novamente recai sobre os monoss\u00edlabos, onde j\u00e1 existe a grafia &lt; -ohr&gt; , como em Rohr \u2018cano\u2019, Ohr \u2018orelha\u2019.<\/p>\n<p>Estendemos essa escrita por analogia a contextos resultantes de mudan\u00e7a voc\u00e1lica, como em Johr \u2018ano\u2019, Hohr \u2018cabelo\u2019, wohr \u2018verdadeiro\u2019, com a mesma justificativa da concord\u00e2ncia sint\u00e1tica, p.ex. de plural, como em die Johre \u2018esses anos\u2019, onde aparece o \/r\/. Essa grafia aparece tamb\u00e9m em Rambo e Rottmann:<\/p>\n<p>\u201cEt war eso em M\u00e4\u00e4dche<br \/>\nVunn neinzeh \u2013 zwanzig Johr,<br \/>\nHatt, wie Keschdanieschilze,<br \/>\nSo braune, glatt Hohr. \u201d5 (ROTTMANN 1950, p. 144)<\/p>\n<p>e) Por fim, o mesmo tratamento de d) pode ser dado aos segmentos (como em nur var. nurre, nore \u2018somente\u2019, pur \u2018puro\u2019, Schnur \u2018fio\u2019, Natur \u2018natureza\u2019) e &lt; -uhr&gt; (p.ex. Uhr\u201a rel\u00f3gio, hora\u2019, Fuhr\u201a carreiro ao arar\u2019).<\/p>\n<p>3.1.2 Vogais longas<\/p>\n<p>Para marcar que a vogal \u00e9 longa, o alem\u00e3o oferece duas grandes regras que s\u00e3o seguidas pelos autores e tamb\u00e9m por n\u00f3s:<\/p>\n<p>a) Vogal diante de consoante simples pronuncia-se como longa, em oposi\u00e7\u00e3o \u00e0 regra a)<br \/>\npara vogais breves. Exemplos: Lewe \u2018vida\u2019 (compare-se Lewwer \u2018f\u00edgado\u2019), brige \u2018brigar\u2019 (compare-se com Bricke \u2018pontes\u2019).<\/p>\n<p>Um problema sobre o qual muitas vezes n\u00e3o h\u00e1 muita clareza ocorre nos casos onde o Hochdeutsch usa o grafema &lt; \u00df&gt;, que obviamente \u00e9 exclu\u00eddo da escrita do Hunsr\u00fcckisch. Contudo, ao escrever palavras como alem\u00e3o Stra\u00dfe \u2018rua\u2019 e gro\u00df \u2018grande\u2019 em Hunsr\u00fcckisch Stross ou gross, os autores violam a regra da vogal breve diante de duas consoantes, deixando de marcar oposi\u00e7\u00f5es como Stros \u2018rua, estrada\u2019 e Stross \u2018garganta\u2019. \u00c0s vezes essa oposi\u00e7\u00e3o vem acompanhada apenas de varia\u00e7\u00e3o simples da mesma palavra, como em Hoss var. Hos \u2018cal\u00e7a\u2019 e Hoos \u2018coelho\u2019. \u00c9 verdade que o contexto auxilia na compreens\u00e3o, mas o exemplo mostra a perspic\u00e1cia dos falantes em marcar a distin\u00e7\u00e3o, ou atrav\u00e9s da dura\u00e7\u00e3o (\/o\/ longo ou breve), ou atrav\u00e9s da abertura da vogal (\/o\/ longo fechado ou aberto).<\/p>\n<p>Outro problema decorre da espirantiza\u00e7\u00e3o de \/g\/, resultando em um som equivalente a (v. abaixo no consonantismo). A vogal que antecede de modo geral \u00e9 breve, p.ex. em spreche \u2018falar\u2019 e lache \u2018sorrir\u2019. Com a espirantiza\u00e7\u00e3o, surgem exemplos como Kuchel \u2018bola\u2019, Kuche \u2018cuca\u2019 ou Vochel var. Vohl \u2018p\u00e1ssaro\u2019, que pela regra seriam breves, mas se pronunciam como vogais longas. Optamos aqui em manter simples, por maior economia e por achar que n\u00e3o causa maiores problemas na leitura.<\/p>\n<p>b) Vogal diante de pronuncia-se como longa. Exemplos: hohl \u2018oco\u2019 (compare-se holl \u2018pega\u2019), Stihl \u2018cadeiras\u2019 (compare-se Stiel \u2018cabo\u2019 e still bleiwe \u2018ficar parado, n\u00e3o se mexer\u2019), stehn \u2018estar parado, em p\u00e9\u2019 (compare-se Stenn \u2018estrela\u2019, \u2018testa\u2019). Um problema dessa regra \u00e9 que exige de quem escreve um grau de letramento e de familiaridade com a escrita do alem\u00e3o, como ali\u00e1s o conjunto da proposta. Por outro lado, para a leitura parece n\u00e3o haver essa mesma dificuldade. Como qualquer l\u00edngua, uma boa escrita pressup\u00f5e uma boa experi\u00eancia de leitura. Outras op\u00e7\u00f5es, al\u00e9m das j\u00e1 citadas, para marcar as vogais longas s\u00e3o encontradas na tradi\u00e7\u00e3o. S\u00e3o as seguintes:<\/p>\n<p>c) \u00c9 comum o emprego do grafema para marcar \/e:\/ longo, sobretudo nos casos em que existe a variante (tipo 3 do Hunsr\u00fcckisch, mais pr\u00f3ximo do padr\u00e3o), como em Steen var. Stein \u2018pedra\u2019 (compare-se stehn e Stenn acima), kleen var. klein. Inclui-se aqui toda a s\u00e9rie de verbos com sufixo \u2013 iere vs. \u2013 eere, como em telefoneere var. telefoniere \u2018telefonar\u2019, schmeere var. schmiere \u2018esfregar, untar\u2019. Por fim, em alguns casos onde o Hochdeutsch apresenta vogal longa arredondada \/\u00f6\/, costuma aparecer, nos textos em Hunsr\u00fcckisch, a grafia com , p.ex. scheen \u2018bonito\u2019 (compare-se Hdt. sch\u00f6n). S\u00e3o poucos exemplos. A nossa posi\u00e7\u00e3o \u00e9 favor\u00e1vel ao uso de que julgamos auxiliar na clareza sobretudo de monoss\u00edlabos.<\/p>\n<p>d) O emprego de , inclusive como variante de pron\u00fancia, aparece generalizado. Exemplos: lieb \u2018querido\u2019, Besemstiel \u2018cabo de vassoura\u2019, Lied \u2018can\u00e7\u00e3o\u2019, namoriere var. namoreere \u2018namorar\u2019. Como no caso de \/\u00f6\/, o grafema pode assumir a mesma fun\u00e7\u00e3o para distinguir palavras, sobretudo monossil\u00e1bicas, onde o Hochdeutsch possui &lt; \u00fc&gt;, p.ex. mied \u2018cansado\u2019 (compare-se Hdt. m\u00fcde), Brieder \u2018irm\u00e3os\u2019 (compare-se Hdt. Br\u00fcder). Rambo, como alguns outros autores isolados, emprega \u00e0s vezes para esses casos ainda . Isso nos parece uma grafia desnecess\u00e1ria, pois j\u00e1 est\u00e1 coberta pelo . Nos contextos onde segue , opta-se por <i> simples, pois o j\u00e1 marca a dura\u00e7\u00e3o longa. <\/i><\/p>\n<p>e) Talvez uma das maiores dificuldades na escrita do Hunsr\u00fcckisch seja a grafia para \/o\/<br \/>\naberto e longo. A maioria dos autores emprega, na verdade, a variante \/a\/ longo, grafando-a muitas vezes com dois . Esta op\u00e7\u00e3o coincide de fato com a variante do tipo 3 do Hunsr\u00fcckisch, mais pr\u00f3ximo do padr\u00e3o; contrasta por\u00e9m com o que, na verdade, se fala com mais freq\u00fc\u00eancia nas col\u00f4nias, onde, como mostra o estudo de Altenhofen (1996, v. mapas 26, 27, 28, 54, 56, 59, 69), a partir de um corpus representativo de dez localidades situadas nas col\u00f4nias novas e velhas do Rio Grande do Sul, predomina o uso de \/o\/ longo e aberto no dia-a-dia. Como registrar esta pron\u00fancia grafematicamente?<\/p>\n<style><!--\n\/* Font Definitions *\/\n@font-face\n\t{font-family:\"Cambria Math\";\n\tpanose-1:2 4 5 3 5 4 6 3 2 4;\n\tmso-font-charset:0;\n\tmso-generic-font-family:auto;\n\tmso-font-pitch:variable;\n\tmso-font-signature:-536870145 1107305727 0 0 415 0;}\n \/* Style Definitions *\/\np.MsoNormal, li.MsoNormal, div.MsoNormal\n\t{mso-style-unhide:no;\n\tmso-style-qformat:yes;\n\tmso-style-parent:\"\";\n\tmargin:0in;\n\tmargin-bottom:.0001pt;\n\tmso-pagination:none;\n\tmso-layout-grid-align:none;\n\ttext-autospace:none;\n\tfont-size:12.0pt;\n\tfont-family:\"Times New Roman\";\n\tmso-fareast-font-family:\"Times New Roman\";}\n.MsoChpDefault\n\t{mso-style-type:export-only;\n\tmso-default-props:yes;\n\tfont-size:10.0pt;\n\tmso-ansi-font-size:10.0pt;\n\tmso-bidi-font-size:10.0pt;}\n@page WordSection1\n\t{size:8.5in 11.0in;\n\tmargin:1.0in 1.25in 1.0in 1.25in;\n\tmso-header-margin:.5in;\n\tmso-footer-margin:.5in;\n\tmso-paper-source:0;}\ndiv.WordSection1\n\t{page:WordSection1;}\n--><\/style>\n<p class=\"MsoNormal\">A op\u00e7\u00e3o dos autores por &lt;aa&gt; ou &lt;a&gt;, representando quase a maioria (p.ex. <i style=\"mso-bidi-font-style: normal;\">aarich <\/i>\u2018muito\u2019, <i style=\"mso-bidi-font-style: normal;\">aach<\/i> \u2018tamb\u00e9m\u2019, <i style=\"mso-bidi-font-style: normal;\">Taach<\/i> \u2018dia\u2019, <i style=\"mso-bidi-font-style: normal;\">Fraa<\/i> \u2018mulher\u2019, <i style=\"mso-bidi-font-style: normal;\">Gaade<\/i> \u2018jardim\u2019, como em Rottmann e Rambo), deve-se em parte a uma tradi\u00e7\u00e3o anterior, que usava prioritariamente &lt;aa&gt;, e \u00e0 falta de um grafema mais apropriado para o som de \/o\/ longo aberto. Nossa posi\u00e7\u00e3o, respeitando o emprego de &lt;aa&gt; ou &lt;a&gt; por quem fala o tipo 3 de Hunsr\u00fcckisch, foi encontrar um grafema para essa vogal \/o\/ aberta e longa. Nos defrontamos com duas op\u00e7\u00f5es:<\/p>\n<p>1. uso de para contrastar com fechado longo diante de consoante simples ou . Exemplos: Galinhoode var. Galinhade \u2018galinhada\u2019, Goode var. Gaade \u2018jardim, horta\u2019 (compare-se Kote \u2018madrinhas\u2019), al\u00e9m dos exemplos j\u00e1 mencionados oorich, ooch, Tooch e Froo. O emprego de aparece, em alguns autores como Rambo, Rottmann e Spohr, para \/o\/ fechado, em analogia ao que se pratica com, escrevendo p.ex. Schoof (Rottmann 1950, p. 147), noore (Spohr 2006, p. 106), Bloos var. Blas \u2018bexiga\u2019 (RAMBO 2002, v. 1, p. 118).<\/p>\n<p>2. uso de &lt; \u00f3&gt;, valendo-se de um acento agudo, como no portugu\u00eas. Esta op\u00e7\u00e3o aparece esporadicamente, como em Collischonn. Cogitamos tamb\u00e9m dessa forma de grafia, mas os exemplos nos pareceram muito esdr\u00faxulos e estranhos ao p\u00fablico leitor n\u00e3o acostumado: \u00f3rich, \u00f3ch, Fr\u00f3, T\u00f3ch etc.<\/p>\n<p>Ap\u00f3s muita discuss\u00e3o, optamos pela forma , convencionando que esta sempre se pronuncia como \/o\/ longo e aberto. A oposi\u00e7\u00e3o \u00e9 necess\u00e1ria para distinguir exemplos como Rood \u2018roda\u2019 e rot \u2018vermelho\u2019, Boohn var. Bahn \u2018cancha\u2019 e Bohn \u2018feij\u00e3o\u2019.<\/p>\n<p>3.2 Vogais desarredondadas<\/p>\n<style><!--\n\/* Font Definitions *\/\n@font-face\n\t{font-family:\"Cambria Math\";\n\tpanose-1:2 4 5 3 5 4 6 3 2 4;\n\tmso-font-charset:0;\n\tmso-generic-font-family:auto;\n\tmso-font-pitch:variable;\n\tmso-font-signature:-536870145 1107305727 0 0 415 0;}\n \/* Style Definitions *\/\np.MsoNormal, li.MsoNormal, div.MsoNormal\n\t{mso-style-unhide:no;\n\tmso-style-qformat:yes;\n\tmso-style-parent:\"\";\n\tmargin:0in;\n\tmargin-bottom:.0001pt;\n\tmso-pagination:none;\n\tmso-layout-grid-align:none;\n\ttext-autospace:none;\n\tfont-size:12.0pt;\n\tfont-family:\"Times New Roman\";\n\tmso-fareast-font-family:\"Times New Roman\";}\n.MsoChpDefault\n\t{mso-style-type:export-only;\n\tmso-default-props:yes;\n\tfont-size:10.0pt;\n\tmso-ansi-font-size:10.0pt;\n\tmso-bidi-font-size:10.0pt;}\n@page WordSection1\n\t{size:8.5in 11.0in;\n\tmargin:1.0in 1.25in 1.0in 1.25in;\n\tmso-header-margin:.5in;\n\tmso-footer-margin:.5in;\n\tmso-paper-source:0;}\ndiv.WordSection1\n\t{page:WordSection1;}\n--><\/style>\n<p class=\"MsoNormal\">Diferentemente do Hochdeutsch, n\u00e3o ocorrem no Hunsr\u00fcckisch as vogais arredondadas \/\u00f6, \u00fc, \u00e4\/, que s\u00e3o pronunciadas respectivamente como \/e, i, e\/. Optamos, por isso, pelos grafemas &lt;e&gt; e &lt;i&gt;, salvaguardados os casos discutidos acima em rela\u00e7\u00e3o \u00e0 &lt;ee&gt; e &lt;ie&gt;, quando a vogal for longa. Exemplos. <i style=\"mso-bidi-font-style: normal;\">here<\/i> \u2018ouvir\u2019 (Hdt. <i style=\"mso-bidi-font-style: normal;\">h\u00f6ren<\/i>), <i style=\"mso-bidi-font-style: normal;\">Glick<\/i> \u2018sorte\u2019 (Hdt. <i style=\"mso-bidi-font-style: normal;\">Gl\u00fcck<\/i>), <i style=\"mso-bidi-font-style: normal;\">Medche<\/i> (Hdt. <i style=\"mso-bidi-font-style: normal;\">M\u00e4dchen<\/i>), mais os casos em que a grafia &lt;ee&gt; (p.ex. <i style=\"mso-bidi-font-style: normal;\">bees <\/i>\u2018brabo\u2019 [Hdt. <i style=\"mso-bidi-font-style: normal;\">b\u00f6se<\/i>]) ou &lt;ie&gt; (p.ex. <i style=\"mso-bidi-font-style: normal;\">mied<\/i> \u2018cansado\u2019 [Hdt. <i style=\"mso-bidi-font-style: normal;\">m\u00fcde<\/i>]) ajuda a marcar a vogal<\/p>\n<p class=\"MsoNormal\">\u00a0longa (v. 3.1.2 regras c) e d)). A literatura em Hunsr\u00fcckisch ainda registra ocorr\u00eancias de<\/p>\n<p class=\"MsoNormal\">\u00a0&lt;\u00e4&gt;, principalmente Rambo e Rottmann (p.ex. <i style=\"mso-bidi-font-style: normal;\">M\u00e4nner<\/i> \u2018homens\u2019, ao inv\u00e9s de <i style=\"mso-bidi-font-style: normal;\">Menner<\/i>).<\/p>\n<p class=\"MsoNormal\">\u00a0Tal como no caso de &lt;\u00df&gt; achamos que se trata de um grafema dispens\u00e1vel, al\u00e9m de serexclusivo do sistema ortogr\u00e1fico alem\u00e3o, portanto estranho ao usu\u00e1rio que se alfabetizou basicamente em portugu\u00eas.<\/p>\n<p>3.3 Ditongos<\/p>\n<p>Al\u00e9m dos ditongos decrescentes \/ea, oa, ua\/ resultantes da vocaliza\u00e7\u00e3o de um \/r\/, j\u00e1 tratados acima, destacam-se ainda os seguintes casos:<\/p>\n<p>a) Op\u00e7\u00e3o pela grafia : presente em diversos sobrenomes, nos parece adequado optar pela forma em lugar de , como fazem alguns, quando escrevem em Hunsr\u00fcckisch. Nos parece que basta convencionar que sempre se pronuncia \/ai\/, exceto em estrangeirsimos do portugu\u00eas (p.ex. de Pai \u2018papai\u2019) ou exemplos consagrados pelo uso, como Mai \u2018maio\u2019, e que isso n\u00e3o representa maiores problemas, al\u00e9m de didaticamente facilitar posteriormente no ensino de alem\u00e3o-padr\u00e3o como l\u00edngua estrangeira. Exemplos: Schneider \u2018alfaiate\u2019, fein \u2018fino, chique\u2019, heit \u2018hoje\u2019, Leit \u2018pessoas\u2019, Ei var. Eu \u2018ovo\u2019, Feier \u2018fogo\u2019.<\/p>\n<p>b) Op\u00e7\u00e3o pela grafia : Aplicam-se aqui os mesmos argumentos usados em rela\u00e7\u00e3o a . O emprego de poderia deixar d\u00favidas sobre a qualidade da vogal \/o\/, se fechada ou aberta. J\u00e1 a marca\u00e7\u00e3o da abertura com acento (&lt; \u00f3i&gt;) viola outros princ\u00edpios mencionados anteriormente. Os exemplos n\u00e3o s\u00e3o t\u00e3o numerosos, sobretudo considerando a sua substitui\u00e7\u00e3o por nos tipos 1 e 2 do Hunsr\u00fcckisch, onde \u00e9 visto como marca do alem\u00e3o-padr\u00e3o ( feines Deitsch \u2018alem\u00e3o fino\u2019). Exemplos: Neumann \u2018um sobrenome conhecido\u2019, neun var. nein \u2018nove\u2019 , Eu var. Ei \u2018ovo\u2019 , zweu var. zwei \u2018dois\u2019 , Meu var. Mei \u2018visita\u2019, heut \u2018hoje\u2019, Leut \u2018pessoas\u2019.<\/p>\n<p>c) A grafia de n\u00e3o oferece maiores problemas, dada a sua coincid\u00eancia com o portugu\u00eas. Exemplos: Haus \u2018casa\u2019, Maus \u2018camundongo\u2019 , raus \u2018para fora\u2019 , Haut \u2018pele\u2019 , Maul \u2018boca\u2019 , haue \u2018bater\u2019 e tamb\u00e9m nos casos onde \u00e9 variante do tipo 3 do Hunsr\u00fcckisch, mais pr\u00f3xima do Hochdeutsch (p.ex. Baum var. Boom \u2018\u00e1rvore\u2019, auch var. ooch \u2018tamb\u00e9m\u2019).<\/p>\n<p>d) O mesmo vale para a grafia . Os exemplos, por\u00e9m, s\u00e3o mais raros, muitas vezes de empr\u00e9stimos do portugu\u00eas: Teekui \u2018cuia de chimarr\u00e3o\u2019, Lui \u2018abreviatura de Lu\u00eds\u2019.<\/p>\n<p>4 Consonantismo<\/p>\n<p>A grafia das consoantes segue, em nossa proposta, a tend\u00eancia das regras do alem\u00e3o, por motivos que j\u00e1 foram explicitados. Os casos mais pol\u00eamicos al\u00e9m das vocaliza\u00e7\u00f5es de \/r\/ e da fun\u00e7\u00e3o de para alongar a vogal precedente j\u00e1 foram discutidos. Para os seguintes contextos, trata-se de convencionar que \u201cgrafema x se pronuncia como x\u201d, o que para a leitura n\u00e3o traz grandes problemas, mas para a escrita exige certa familiaridade com o texto escrito. \u00c9 o caso dos pares e ( Vater \u2018pai\u2019, fetter \u2018mais<br \/>\ngorduroso\u2019, Vetter \u2018primo\u2019), sobretudo no prefixo ver- que convencionamos com duas variantes poss\u00edveis, ve- e fa- (p.ex. vestehn var. fastehn \u2018compreender\u2019).<\/p>\n<p>O quadro final resume os grafemas utilizados e serve como uma esp\u00e9cie de guia. Destes, cabe destacar os seguintes exemplos mais discut\u00edveis:<\/p>\n<p>a) tem sempre pron\u00fancia oclusiva (p.ex. gille \u2018valer\u2019); quando \u00e9 aspirado, escreve-se como (p.ex. richtich \u2018correto\u2019, Kuchel \u2018bola\u2019).<\/p>\n<p>b) , e <b> pronunciam-se, \u00e9 verdade, com certo ensurdecimento. Seus correlatos surdos, e<\/b>acrescentam muitas vezes um tra\u00e7o de aspira\u00e7\u00e3o. Exemplos: koote \u2018jogar cartas\u2019 vs. Goode \u2018jardim, horta\u2019, picke \u2018picar\u2019 vs. bicke \u2018agachar-se\u2019.<\/p>\n<p>c) traduz a consoante velar (no fundo da garganta), como em jinger \u2018mais jovem\u2019, salvo exce\u00e7\u00f5es em que coincide com , como em Bank \u2018banco\u2019.<\/p>\n<p>d) preferimos e \u00e0 escrita e , por resultar no mesmo efeito de pron\u00fancia pelo leitor, assim como tamb\u00e9m pela sua maior economia.<\/p>\n<p>e) ocorre diante e depois das demais consoantes e de vogal: Schul \u2018escola\u2019, fosch \u2018forte\u2019, veschreiwe \u2018receitar\u2019 , schneide \u2018cortar\u2019 , schlicke \u2018engolir\u2019, schmeisse \u2018atirar\u2019.<\/p>\n<p>f) representa dois sons inexistentes no portugu\u00eas, seja palatal, como em ich \u2018eu\u2019, richtich \u2018correto\u2019 , schlecht \u2018ruim\u2019 , seja velar, como em noch \u2018ainda\u2019, Tischtuch \u2018toalha de mesa\u2019 , jachte \u2018ca\u00e7ar\u2019 , Hietche \u2018chap\u00e9uzinho\u2019 (compare-se Hittche \u2018cabaninha\u2019)<\/p>\n<p>g) casos de mera conven\u00e7\u00e3o, pelo menos para a leitura s\u00e3o as pron\u00fancias de como \/f\/<br \/>\n(p.ex. Vater \u2018pai\u2019), e como \/ts\/ (p.ex. Zeitung \u2018jornal\u2019, Katz \u2018gato\u2019), como \/v\/ ( Wasser \u2018\u00e1gua\u2019, Wowwo \u2018vov\u00f4\u2019).<\/p>\n<p>h) o mesmo vale para e , e (v. exemplos abaixo).<\/p>\n<p>i) pode ser interpretado como , tornando a vogal precedente curta. Exemplo Mick \u2018mosca\u2019.<\/p>\n<p>5 Resumo da proposta de escrita para o Hunsr\u00fcckisch<\/p>\n<p>Resumindo a an\u00e1lise dos aspectos tipogr\u00e1ficos, do vocalismo e do consonantismo que comp\u00f5em uma proposta de escrita do Hunsr\u00fcckisch, podemos apresentar o seguinte quadro em forma de exemplifica\u00e7\u00e3o, pressupondo, \u00e9 claro, que os exemplos falam por si e que a sua implementa\u00e7\u00e3o depende naturalmente de um treinamento pr\u00e9vio, e que a pr\u00e1tica e o uso ir\u00e3o determinar as adapta\u00e7\u00f5es ainda necess\u00e1rias.<\/p>\n<p>Aspectos tipogr\u00e1ficos:<br \/>\n\u2022 substantivos com inicial mai\u00fascula: das Fest \u2018a festa\u2019 (compare-se fest \u2018preso, fixo\u2019), de Brige \u2018briga\u2019 (compare-se brige \u2018brigar\u2019).<br \/>\n\u2022 palavras compostas escritas junto: Blitzlamp \u2018lanterna\u2019, Dickkopp \u2018cabe\u00e7udo\u2019.<br \/>\n\u2022 escrita dos estrangeiros como na l\u00edngua-fonte: die Cal\u00e7ada \u2018a cal\u00e7ada\u2019, de Milho \u2018o milho\u2019, de Show \u2018o show\u2019, de Jorge \u2018o Jorge\u2019, die Corrup\u00e7\u00e3o \u2018a corrup\u00e7\u00e3o\u2019.<br \/>\n\u2022 empr\u00e9stimos integrados seguindo as regras do Hunsr\u00fcckisch: die Kalsoode \u2018a cal\u00e7ada\u2019, de Miljekolwe \u2018a espiga de milho\u2019, de Schosch \u2018o Jorge\u2019 (cf. franc\u00eas Georg), die Korruption \u2018a corrup\u00e7\u00e3o\u2019.<\/p>\n<p>Vogais breves:<br \/>\n\u2022 vogal diante de duas consoantes: kalt \u2018frio\u2019, holl \u2018pega\u2019, Stenn \u2018estrela, testa\u2019, Land \u2018terra\u2019, Stross \u2018garganta\u2019, Fest \u2018festa\u2019, lenne \u201aaprender\u2019 , bringe\u201atrazer\u2019,krinse\u201a resmungar\u2019.<br \/>\n\u2022 duplica\u00e7\u00e3o da consoante em contextos de adi\u00e7\u00e3o de vogal epent\u00e9tica: Millich \u2018leite\u2019, Berrich \u2018morro\u2019.<br \/>\n\u2022 &lt; -er&gt; em final de palavra: immer \u2018sempre\u2019, Kinner \u2018crian\u00e7as\u2019, Menner \u2018homens\u2019, Fenster \u2018janela\u2019, Lehrer \u2018professor\u2019, Wasser \u2018\u00e1gua\u2019, Lewwer \u2018f\u00edgado\u2019, scheener \u2018mais bonito\u2019, hetter \u2018mais alto, mais duro\u2019.<\/p>\n<p class=\"MsoNormal\">Vogais longas:<br \/>\n\u2022 vogal diante de consoante simples pronuncia-se longa: gros \u2018grande\u2019, Stros \u2018rua\u2019, ruwe \u2018chamar\u2019, Lewe \u2018vida\u2019, Bower \u2018ab\u00f3bora\u2019, Buwe \u2018rapazes\u2019, Assude \u2018a\u00e7ude\u2019, blumich \u2018floreado\u2019 , brige \u2018brigar\u2019.<br \/>\n\u2022 vogal diante de pronuncia-se longa: hohl \u2018oco\u2019, stehn \u2018estar em p\u00e9\u2019, Kuhstall \u2018est\u00e1bulo\u2019, Schuhbennel \u2018cadar\u00e7o do sapato\u2019.<\/p>\n<style><!--\n\/* Font Definitions *\/\n@font-face\n\t{font-family:\"Cambria Math\";\n\tpanose-1:2 4 5 3 5 4 6 3 2 4;\n\tmso-font-charset:0;\n\tmso-generic-font-family:auto;\n\tmso-font-pitch:variable;\n\tmso-font-signature:-536870145 1107305727 0 0 415 0;}\n \/* Style Definitions *\/\np.MsoNormal, li.MsoNormal, div.MsoNormal\n\t{mso-style-unhide:no;\n\tmso-style-qformat:yes;\n\tmso-style-parent:\"\";\n\tmargin:0in;\n\tmargin-bottom:.0001pt;\n\tmso-pagination:none;\n\tmso-layout-grid-align:none;\n\ttext-autospace:none;\n\tfont-size:12.0pt;\n\tfont-family:\"Times New Roman\";\n\tmso-fareast-font-family:\"Times New Roman\";}\n.MsoChpDefault\n\t{mso-style-type:export-only;\n\tmso-default-props:yes;\n\tfont-size:10.0pt;\n\tmso-ansi-font-size:10.0pt;\n\tmso-bidi-font-size:10.0pt;}\n@page WordSection1\n\t{size:8.5in 11.0in;\n\tmargin:1.0in 1.25in 1.0in 1.25in;\n\tmso-header-margin:.5in;\n\tmso-footer-margin:.5in;\n\tmso-paper-source:0;}\ndiv.WordSection1\n\t{page:WordSection1;}\n--><\/style>\n<p class=\"MsoNormal\">\u2022 <b style=\"mso-bidi-font-weight: normal;\">&lt;u&gt; diante de &lt;ch&gt; <\/b>: <i style=\"mso-bidi-font-style: normal;\">Kuche <\/i>\u2018cuca\u2019, <i style=\"mso-bidi-font-style: normal;\">kluch <\/i>\u2018inteligente\u2019 <i style=\"mso-bidi-font-style: normal;\">, Kuchel <\/i>\u2018bola\u2019.<\/p>\n<p class=\"MsoNormal\">\u2022 <b style=\"mso-bidi-font-weight: normal;\">&lt;o&gt; fechado diante de &lt;ch&gt;:<\/b> <i style=\"mso-bidi-font-style: normal;\">Vochel <\/i>\u2018p\u00e1ssaro\u2019.<\/p>\n<p class=\"MsoNormal\">\u2022 <b style=\"mso-bidi-font-weight: normal;\">&lt;ie&gt; <\/b><span style=\"mso-spacerun: yes;\">\u00a0<\/span>(\/i\/ longo) <i style=\"mso-bidi-font-style: normal;\">lieb<\/i> \u2018querido\u2019, <i style=\"mso-bidi-font-style: normal;\">Spiel <\/i>\u2018jogo\u2019 <i style=\"mso-bidi-font-style: normal;\">, mied <\/i>\u2018cansado\u2019 <i style=\"mso-bidi-font-style: normal;\">, Lied <\/i>\u2018can\u00e7\u00e3o\u2019 <i style=\"mso-bidi-font-style: normal;\">,<\/i> <i style=\"mso-bidi-font-style: normal;\">schmiere <\/i>\u2018passar em algo, esfregar\u2019 <i style=\"mso-bidi-font-style: normal;\">, telefoniere <\/i>\u2018telefonar\u2019.<\/p>\n<p class=\"MsoNormal\">\u2022 <b style=\"mso-bidi-font-weight: normal;\">&lt;ee&gt; <\/b><span style=\"mso-spacerun: yes;\">\u00a0<\/span>(\/e\/ longo) <i style=\"mso-bidi-font-style: normal;\">kleen <\/i>\u2018pequeno\u2019, <i style=\"mso-bidi-font-style: normal;\">scheen <\/i>\u2018bonito\u2019, <i style=\"mso-bidi-font-style: normal;\">Reen <\/i><span style=\"mso-spacerun: yes;\">\u00a0<\/span>var. <i style=\"mso-bidi-font-style: normal;\"><span style=\"mso-spacerun: yes;\">\u00a0<\/span>Reeche <\/i>\u2018chuva\u2019 <i style=\"mso-bidi-font-style: normal;\">,<\/i> <i style=\"mso-bidi-font-style: normal;\">schmeere <\/i>\u2018esfregar\u2019 <i style=\"mso-bidi-font-style: normal;\">, telefoneere <\/i>\u2018telefonar\u2019.<\/p>\n<p class=\"MsoNormal\">\u2022 <b style=\"mso-bidi-font-weight: normal;\">&lt;oo&gt; <\/b><span style=\"mso-spacerun: yes;\">\u00a0<\/span>(\/o\/ longo aberto) <i style=\"mso-bidi-font-style: normal;\">Goode <\/i>\u2018jardim\u2019, <i style=\"mso-bidi-font-style: normal;\">Froo <\/i>\u2018mulher\u2019, <i style=\"mso-bidi-font-style: normal;\">Tooch <\/i>\u2018dia\u2019 <i style=\"mso-bidi-font-style: normal;\">, <\/i><span style=\"mso-spacerun: yes;\">\u00a0<\/span><i style=\"mso-bidi-font-style: normal;\">woorem <\/i>\u2018quente\u2019 <i style=\"mso-bidi-font-style: normal;\">, Groos<\/i> \u2018grama\u2019, soohn \u2018dizer\u2019 (exce\u00e7\u00e3o: prefixo <i style=\"mso-bidi-font-style: normal;\">on-<\/i>, <i style=\"mso-bidi-font-style: normal;\">onmache <\/i>\u2018ligar\u2019, <i style=\"mso-bidi-font-style: normal;\">onbinne <\/i>\u2018amarrar\u2019).<\/p>\n<p class=\"MsoNormal\">\u2022 <b style=\"mso-bidi-font-weight: normal;\">&lt;aa&gt; <\/b><span style=\"mso-spacerun: yes;\">\u00a0<\/span>(\/a\/ longo) <i style=\"mso-bidi-font-style: normal;\">Gaade <\/i>\u2018jardim\u2019, <i style=\"mso-bidi-font-style: normal;\">Fraa <\/i>\u2018mulher\u2019, <i style=\"mso-bidi-font-style: normal;\">Taach <\/i>\u2018dia\u2019.<\/p>\n<p class=\"MsoNormal\"><b style=\"mso-bidi-font-weight: normal;\">Ditongos: <\/b><\/p>\n<p class=\"MsoNormal\">\u2022 <b style=\"mso-bidi-font-weight: normal;\">&lt;ei&gt; <\/b><span style=\"mso-spacerun: yes;\">\u00a0<\/span><i style=\"mso-bidi-font-style: normal;\">Schneider <\/i>\u2018alfaiate\u2019, <i style=\"mso-bidi-font-style: normal;\">fein <\/i>\u2018fino\u2019 <i style=\"mso-bidi-font-style: normal;\">, heit <\/i>\u2018hoje\u2019 <i style=\"mso-bidi-font-style: normal;\">, Leit <\/i>\u2018pessoas\u2019 <i style=\"mso-bidi-font-style: normal;\">, Ei <\/i><span style=\"mso-spacerun: yes;\">\u00a0<\/span>var. <i style=\"mso-bidi-font-style: normal;\"><span style=\"mso-spacerun: yes;\">\u00a0<\/span>Eu <\/i>\u2018ovo\u2019 <i style=\"mso-bidi-font-style: normal;\">,<\/i> <i style=\"mso-bidi-font-style: normal;\">Feier <\/i>\u2018fogo\u2019.<\/p>\n<p class=\"MsoNormal\">\u2022 <b style=\"mso-bidi-font-weight: normal;\">&lt;eu&gt; <\/b><span style=\"mso-spacerun: yes;\">\u00a0<\/span><i style=\"mso-bidi-font-style: normal;\">Neumann <\/i>\u2018um sobrenome conhecido\u2019, <i style=\"mso-bidi-font-style: normal;\">neun <\/i><span style=\"mso-spacerun: yes;\">\u00a0<\/span>var. <i style=\"mso-bidi-font-style: normal;\"><span style=\"mso-spacerun: yes;\">\u00a0<\/span>nein <\/i>\u2018nove\u2019<i style=\"mso-bidi-font-style: normal;\">, Eu <\/i><span style=\"mso-spacerun: yes;\">\u00a0<\/span>var. <i style=\"mso-bidi-font-style: normal;\"><span style=\"mso-spacerun: yes;\">\u00a0<\/span>Ei <\/i>\u2018ovo\u2019 <i style=\"mso-bidi-font-style: normal;\">, zweu <\/i><span style=\"mso-spacerun: yes;\">\u00a0<\/span>var. <i style=\"mso-bidi-font-style: normal;\"><span style=\"mso-spacerun: yes;\">\u00a0<\/span>zwei <\/i>\u2018dois\u2019 <i style=\"mso-bidi-font-style: normal;\">, Meu <\/i>\u2018visita\u2019, <i style=\"mso-bidi-font-style: normal;\">heut<\/i> \u2018hoje\u2019, <i style=\"mso-bidi-font-style: normal;\">Leut<\/i> \u2018pessoas\u2019.<\/p>\n<p class=\"MsoNormal\">\u2022 <b style=\"mso-bidi-font-weight: normal;\">&lt;au&gt; <\/b><span style=\"mso-spacerun: yes;\">\u00a0<\/span><i style=\"mso-bidi-font-style: normal;\">Haus <\/i>\u2018casa\u2019, <i style=\"mso-bidi-font-style: normal;\">Maus <\/i>\u2018camundongo\u2019 <i style=\"mso-bidi-font-style: normal;\">, raus <\/i>\u2018para fora\u2019 <i style=\"mso-bidi-font-style: normal;\">, Haut <\/i>\u2018pele\u2019 <i style=\"mso-bidi-font-style: normal;\">, Maul <\/i>\u2018boca\u2019 <i style=\"mso-bidi-font-style: normal;\">, haue <\/i>\u2018bater\u2019.<\/p>\n<p class=\"MsoNormal\">\u2022 <b style=\"mso-bidi-font-weight: normal;\">&lt;ui&gt; <\/b><span style=\"mso-spacerun: yes;\">\u00a0<\/span><i style=\"mso-bidi-font-style: normal;\">Teekui<\/i> \u2018cuia de chimarr\u00e3o\u2019, <i style=\"mso-bidi-font-style: normal;\">Lui <\/i>\u2018abreviatura de <i style=\"mso-bidi-font-style: normal;\">Lu\u00eds<\/i>\u2019.<\/p>\n<p class=\"MsoNormal\">\u2022 <b style=\"mso-bidi-font-weight: normal;\">&lt;ea&gt; em s\u00edlaba t\u00f4nica:<\/b> <i style=\"mso-bidi-font-style: normal;\">Weat<\/i> \u2018valor\u2019, <i style=\"mso-bidi-font-style: normal;\">mea<\/i> \u2018n\u00f3s\u2019, <i style=\"mso-bidi-font-style: normal;\">Tea<\/i> \u2018porta\u2019, <i style=\"mso-bidi-font-style: normal;\">Schea<\/i> \u2018tesoura\u2019<\/p>\n<p class=\"MsoNormal\">(exce\u00e7\u00f5es: <i style=\"mso-bidi-font-style: normal;\">leer <\/i>\u2018vazio\u2019, <i style=\"mso-bidi-font-style: normal;\">Meer <\/i>\u2018mar\u2019, <i style=\"mso-bidi-font-style: normal;\">Lehr <\/i>\u2018ensinamento\u2019)<\/p>\n<p class=\"MsoNormal\">\u2022 <b style=\"mso-bidi-font-weight: normal;\">&lt;-ohr, -or&gt; com pron\u00fancia de \/oa\/:<\/b> <i style=\"mso-bidi-font-style: normal;\">Rohr <\/i>\u2018cano, mangueira\u2019, <i style=\"mso-bidi-font-style: normal;\">wohr <\/i>\u2018verdadeiro\u2019, <i style=\"mso-bidi-font-style: normal;\">Johr <\/i>\u2018ano\u2019, <i style=\"mso-bidi-font-style: normal;\">Ohr <\/i>\u2018orelha\u2019 <i style=\"mso-bidi-font-style: normal;\">, <\/i><span style=\"mso-spacerun: yes;\">\u00a0<\/span><i style=\"mso-bidi-font-style: normal;\">Hohr <\/i>\u2018cabelo\u2019, tamb\u00e9m <i style=\"mso-bidi-font-style: normal;\">vor <\/i>\u2018antes\u2019.<\/p>\n<p class=\"MsoNormal\">\u2022 <b style=\"mso-bidi-font-weight: normal;\">&lt;-uhr, -ur&gt; com pron\u00fancia de \/ua\/:<\/b> <i style=\"mso-bidi-font-style: normal;\">Uhr <\/i>\u201arel\u00f3gio, hora\u2019, <i style=\"mso-bidi-font-style: normal;\">Fuhr <\/i>\u201acarreiro ao arar\u2019<i style=\"mso-bidi-font-style: normal;\">, <\/i>tamb\u00e9m <i style=\"mso-bidi-font-style: normal;\">pur <\/i>\u2018puro\u2019, <i style=\"mso-bidi-font-style: normal;\">Natur<\/i> \u2018natureza\u2019.<\/p>\n<p class=\"MsoNormal\"><b style=\"mso-bidi-font-weight: normal;\">Consoantes: <\/b><\/p>\n<p class=\"MsoNormal\">\u2022 <b style=\"mso-bidi-font-weight: normal;\">&lt;j&gt; <\/b><span style=\"mso-spacerun: yes;\">\u00a0<\/span><i style=\"mso-bidi-font-style: normal;\">jedes<\/i> <i style=\"mso-bidi-font-style: normal;\">Johr <\/i>\u2018todos os anos\u2019, <i style=\"mso-bidi-font-style: normal;\">Jacke <\/i>\u2018casaco\u2019, <i style=\"mso-bidi-font-style: normal;\">Jookob <\/i>\u2018Jakob\u2019 <i style=\"mso-bidi-font-style: normal;\">, Griensje <\/i>\u2018salsinha\u2019, <i style=\"mso-bidi-font-style: normal;\">Bliesje<\/i> \u2018blusinha\u2019, <i style=\"mso-bidi-font-style: normal;\">Miljehitt<\/i> \u2018paiol\u2019.<\/p>\n<p class=\"MsoNormal\">\u2022 <b style=\"mso-bidi-font-weight: normal;\">&lt;z&gt; <\/b><span style=\"mso-spacerun: yes;\">\u00a0<\/span>(em s\u00edlaba t\u00f4nica) <i style=\"mso-bidi-font-style: normal;\">Zeitung <\/i>\u2018jornal\u2019 <i style=\"mso-bidi-font-style: normal;\">, Zimmer <\/i>\u2018quarto\u2019 <i style=\"mso-bidi-font-style: normal;\">, Zeich <\/i>\u2018roupa\u2019 <i style=\"mso-bidi-font-style: normal;\">, Zucker <\/i>\u2018a\u00e7\u00facar\u2019 <i style=\"mso-bidi-font-style: normal;\">, zackre <\/i>\u2018arar\u2019 <i style=\"mso-bidi-font-style: normal;\">, vezehle <\/i>\u2018conversar\u2019 <i style=\"mso-bidi-font-style: normal;\">, zurick <\/i>\u2018de volta\u2019 <i style=\"mso-bidi-font-style: normal;\">, zwerich <\/i>\u2018diagonal, mal-<\/p>\n<p class=\"MsoNormal\">educado\u2019 <i style=\"mso-bidi-font-style: normal;\">, Zwiwwel <\/i>\u2018cebola\u2019.<\/p>\n<p class=\"MsoNormal\">\u2022 <b style=\"mso-bidi-font-weight: normal;\">&lt;tz&gt; <\/b><span style=\"mso-spacerun: yes;\">\u00a0<\/span>(em posi\u00e7\u00e3o p\u00f3s-t\u00f4nica) <i style=\"mso-bidi-font-style: normal;\">Katz <\/i>\u2018gato\u2019, <i style=\"mso-bidi-font-style: normal;\">Hetz <\/i>\u2018cora\u00e7\u00e3o\u2019, <i style=\"mso-bidi-font-style: normal;\">Kotz <\/i>\u2018v\u00f4mito\u2019, <i style=\"mso-bidi-font-style: normal;\">spritze <\/i>\u2018respingar, vacinar\u2019, <i style=\"mso-bidi-font-style: normal;\">kitzlich <\/i>\u2018coceguento\u2019, <i style=\"mso-bidi-font-style: normal;\">putze <\/i>\u2018limpar\u2019.<\/p>\n<p class=\"MsoNormal\">\u2022 <b style=\"mso-bidi-font-weight: normal;\">&lt;s&gt; <\/b><span style=\"mso-spacerun: yes;\">\u00a0<\/span><i style=\"mso-bidi-font-style: normal;\">sauwer <\/i>\u2018limpo\u2019, <i style=\"mso-bidi-font-style: normal;\">Kees <\/i>\u2018queijo\u2019, <i style=\"mso-bidi-font-style: normal;\">Kuss <\/i>\u2018beijo\u2019, <i style=\"mso-bidi-font-style: normal;\">sammle <\/i>\u2018colecionar, juntar\u2019,<\/p>\n<p class=\"MsoNormal\"><i style=\"mso-bidi-font-style: normal;\">passeere <\/i>\u2018acontecer\u2019, <i style=\"mso-bidi-font-style: normal;\">glense <\/i>\u2018brilhar\u2019.<\/p>\n<p class=\"MsoNormal\">\u2022 <b style=\"mso-bidi-font-weight: normal;\">&lt;w&gt; <\/b><span style=\"mso-spacerun: yes;\">\u00a0<\/span><i style=\"mso-bidi-font-style: normal;\">Wasser <\/i>\u2018\u00e1gua\u2019, <i style=\"mso-bidi-font-style: normal;\">Worrem <\/i>\u2018verme\u2019 <i style=\"mso-bidi-font-style: normal;\">, lewe <\/i>\u2018viver\u2019 <i style=\"mso-bidi-font-style: normal;\">, Wowwo <\/i>\u2018vov\u00f4\u2019 <i style=\"mso-bidi-font-style: normal;\">, Wowwe <\/i><\/p>\n<p class=\"MsoNormal\">\u2018vov\u00f3\u2019 <i style=\"mso-bidi-font-style: normal;\">, Wunner <\/i>\u2018admira\u00e7\u00e3o\u2019 <i style=\"mso-bidi-font-style: normal;\">, Winter <\/i>\u2018inverno\u2019 <i style=\"mso-bidi-font-style: normal;\">, Woose <\/i>\u2018vaso\u2019.<\/p>\n<p class=\"MsoNormal\">\u2022 <b style=\"mso-bidi-font-weight: normal;\">&lt;v&gt; <\/b><span style=\"mso-spacerun: yes;\">\u00a0<\/span><i style=\"mso-bidi-font-style: normal;\">Vater <\/i>\u2018pai\u2019, <i style=\"mso-bidi-font-style: normal;\">Vohl<\/i> var. <i style=\"mso-bidi-font-style: normal;\">Vochel<\/i> \u2018p\u00e1ssaro\u2019, <i style=\"mso-bidi-font-style: normal;\">vekoofe <\/i>\u2018vender\u2019, <i style=\"mso-bidi-font-style: normal;\">vebreche <\/i>\u2018quebrar\u2019 <i style=\"mso-bidi-font-style: normal;\">,<\/i> <i style=\"mso-bidi-font-style: normal;\">vorgehn <\/i>\u2018avan\u00e7ar\u2019 <i style=\"mso-bidi-font-style: normal;\">, vorrich Johr <\/i>\u2018ano passado\u2019<i style=\"mso-bidi-font-style: normal;\">, vonne <\/i>\u2018na frente\u2019.<\/p>\n<p class=\"MsoNormal\">\u2022 <b style=\"mso-bidi-font-weight: normal;\">&lt;f&gt; <\/b><span style=\"mso-spacerun: yes;\">\u00a0<\/span><i style=\"mso-bidi-font-style: normal;\">Faulenser<\/i> \u2018pregui\u00e7oso\u2019 <i style=\"mso-bidi-font-style: normal;\">, <\/i><span style=\"mso-spacerun: yes;\">\u00a0<\/span><i style=\"mso-bidi-font-style: normal;\">finne <\/i>\u2018achar\u2019, <i style=\"mso-bidi-font-style: normal;\">Fehler <\/i>\u2018erro\u2019, <i style=\"mso-bidi-font-style: normal;\">fakoofe <\/i>\u2018vender\u2019 <i style=\"mso-bidi-font-style: normal;\">,<\/i> <i style=\"mso-bidi-font-style: normal;\">fabreche <\/i>\u2018quebrar\u2019.<\/p>\n<p class=\"MsoNormal\">\u2022 <b style=\"mso-bidi-font-weight: normal;\">&lt;p&gt; <\/b><span style=\"mso-spacerun: yes;\">\u00a0<\/span>(por tradi\u00e7\u00e3o + com aspira\u00e7\u00e3o): <i style=\"mso-bidi-font-style: normal;\">Pans <\/i>\u2018barriga\u2019, <i style=\"mso-bidi-font-style: normal;\">Pooter <\/i>\u2018padre\u2019, <i style=\"mso-bidi-font-style: normal;\">Patt <\/i><\/p>\n<p class=\"MsoNormal\">\u2018padrinho\u2019, <i style=\"mso-bidi-font-style: normal;\">petze <\/i>\u2018beliscar\u2019, <i style=\"mso-bidi-font-style: normal;\">vespeet <\/i>\u2018atrasado\u2019 <i style=\"mso-bidi-font-style: normal;\">, planse <\/i>\u2018plantar\u2019.<\/p>\n<p class=\"MsoNormal\">\u2022 <b style=\"mso-bidi-font-weight: normal;\">&lt;b&gt; <\/b><span style=\"mso-spacerun: yes;\">\u00a0<\/span>(sem aspira\u00e7\u00e3o): <i style=\"mso-bidi-font-style: normal;\">bettle <\/i>\u2018pedir esmola\u2019, <i style=\"mso-bidi-font-style: normal;\">babble <\/i>\u2018tagarelar\u2019, <i style=\"mso-bidi-font-style: normal;\">Bock <\/i>\u2018bode\u2019, <i style=\"mso-bidi-font-style: normal;\">Bicher <\/i><\/p>\n<p class=\"MsoNormal\">\u2018livros\u2019, <i style=\"mso-bidi-font-style: normal;\">Gebet <\/i>\u2018ora\u00e7\u00e3o\u2019, <i style=\"mso-bidi-font-style: normal;\">brille <\/i>\u2018chorar\u2019.<\/p>\n<p class=\"MsoNormal\">\u2022 <b style=\"mso-bidi-font-weight: normal;\">&lt;t&gt; <\/b><span style=\"mso-spacerun: yes;\">\u00a0<\/span>(por tradi\u00e7\u00e3o + com aspira\u00e7\u00e3o): <i style=\"mso-bidi-font-style: normal;\">Teiwel <\/i>\u2018diabo\u2019, <i style=\"mso-bidi-font-style: normal;\">Tinte <\/i>\u2018tinta\u2019, <i style=\"mso-bidi-font-style: normal;\">traurich <\/i>\u2018triste\u2019,<\/p>\n<p class=\"MsoNormal\"><i style=\"mso-bidi-font-style: normal;\">toofe <\/i>\u2018batizar\u2019, <i style=\"mso-bidi-font-style: normal;\">teier <\/i>\u2018caro\u2019 <i style=\"mso-bidi-font-style: normal;\">, Tante <\/i>\u2018tia\u2019, <i style=\"mso-bidi-font-style: normal;\">tausend unn tante<\/i> \u2018mil e tantos\u2019<\/p>\n<p class=\"MsoNormal\">\u2022 <b style=\"mso-bidi-font-weight: normal;\">&lt;d&gt; <\/b><span style=\"mso-spacerun: yes;\">\u00a0<\/span>(sem aspira\u00e7\u00e3o): <i style=\"mso-bidi-font-style: normal;\">dumm<\/i> \u2018bobo\u2019, <i style=\"mso-bidi-font-style: normal;\">denke <\/i>\u2018pensar\u2019, <i style=\"mso-bidi-font-style: normal;\">dummle <\/i>\u2018apressar-se\u2019 <i style=\"mso-bidi-font-style: normal;\">, Deckel <\/i><\/p>\n<p class=\"MsoNormal\">\u2018tampa\u2019 <i style=\"mso-bidi-font-style: normal;\">, de best <\/i>\u2018o melhor\u2019<\/p>\n<p class=\"MsoNormal\">\u2022 <b style=\"mso-bidi-font-weight: normal;\">&lt;g&gt; <\/b><span style=\"mso-spacerun: yes;\">\u00a0<\/span><i style=\"mso-bidi-font-style: normal;\">gut<\/i>, <i style=\"mso-bidi-font-style: normal;\">Gaul <\/i>\u2018cavalo\u2019, <i style=\"mso-bidi-font-style: normal;\">gewinne <\/i>\u2018ganhar\u2019, <i style=\"mso-bidi-font-style: normal;\">Glick <\/i>\u2018sorte\u2019, <i style=\"mso-bidi-font-style: normal;\">gille, gewwe <\/i>\u2018dar\u2019 <i style=\"mso-bidi-font-style: normal;\">, Guri <\/i><\/p>\n<p class=\"MsoNormal\">\u2018guri\u2019 <i style=\"mso-bidi-font-style: normal;\">, Goode <\/i>\u2018jardim, horta\u2019 <i style=\"mso-bidi-font-style: normal;\">, brige <\/i>\u2018brigar\u2019 <i style=\"mso-bidi-font-style: normal;\">, Bricke <\/i>\u2018pontes\u2019 <i style=\"mso-bidi-font-style: normal;\">, de greest <\/i>\u2018o maior\u2019.<\/p>\n<p class=\"MsoNormal\">\u2022 <b style=\"mso-bidi-font-weight: normal;\">&lt;ng&gt; <\/b><span style=\"mso-spacerun: yes;\">\u00a0<\/span><i style=\"mso-bidi-font-style: normal;\">bang<\/i> \u2018com medo\u2019 <i style=\"mso-bidi-font-style: normal;\">, lang <\/i>\u2018por muito tempo\u2019 (exce\u00e7\u00e3o: <i style=\"mso-bidi-font-style: normal;\">lank<\/i> \/lank\/ \u2018longo\u2019) <i style=\"mso-bidi-font-style: normal;\">, <\/i><\/p>\n<p class=\"MsoNormal\"><i style=\"mso-bidi-font-style: normal;\">Finger <\/i>\u2018dedo\u2019, <i style=\"mso-bidi-font-style: normal;\">lenger <\/i>\u2018mais longo\u2019, <i style=\"mso-bidi-font-style: normal;\"><span style=\"mso-spacerun: yes;\">\u00a0<\/span>angle <\/i>\u2018pescar\u2019 <i style=\"mso-bidi-font-style: normal;\">, Engel <\/i>\u2018anjo\u2019 <i style=\"mso-bidi-font-style: normal;\">, Springersaleb <\/i><\/p>\n<p class=\"MsoNormal\">\u2018ung\u00fcento Springer\u2019 <i style=\"mso-bidi-font-style: normal;\">, onfange <\/i>\u2018come\u00e7ar\u2019 <i style=\"mso-bidi-font-style: normal;\">, Jung <\/i>\u2018rapaz\u2019 <i style=\"mso-bidi-font-style: normal;\">, jinger <\/i>(exce\u00e7\u00e3o: <i style=\"mso-bidi-font-style: normal;\">jung<\/i> \/junk\/<\/p>\n<p class=\"MsoNormal\">\u2018jovem\u2019).<\/p>\n<p class=\"MsoNormal\">\u2022 <b style=\"mso-bidi-font-weight: normal;\">&lt;nk&gt; <\/b><span style=\"mso-spacerun: yes;\">\u00a0<\/span><i style=\"mso-bidi-font-style: normal;\">Bank <\/i>\u2018banco\u2019, <i style=\"mso-bidi-font-style: normal;\">Benk <\/i>\u2018bancos\u2019, <i style=\"mso-bidi-font-style: normal;\">lank <\/i>\u2018longo\u2019 <i style=\"mso-bidi-font-style: normal;\">, krank <\/i>\u2018doente\u2019 <i style=\"mso-bidi-font-style: normal;\">, lenke <\/i>\u2018guiar\u2019 <i style=\"mso-bidi-font-style: normal;\">,<\/i> <i style=\"mso-bidi-font-style: normal;\">Lenk, flink <\/i>\u2018h\u00e1bil\u2019 <i style=\"mso-bidi-font-style: normal;\">, Onkel <\/i>\u2018tio\u2019.<\/p>\n<p class=\"MsoNormal\">\u2022 <b style=\"mso-bidi-font-weight: normal;\">&lt;ck&gt; <\/b><span style=\"mso-spacerun: yes;\">\u00a0<\/span><i style=\"mso-bidi-font-style: normal;\">Mick <\/i>\u2018mosca\u2019, <i style=\"mso-bidi-font-style: normal;\">verrickt <\/i>\u2018louco\u2019, <i style=\"mso-bidi-font-style: normal;\">Brick<\/i>, <i style=\"mso-bidi-font-style: normal;\">Wecker <\/i>\u2018despertador\u2019,<\/p>\n<p class=\"MsoNormal\"><i style=\"mso-bidi-font-style: normal;\">Becker <\/i>\u2018padeiro\u2019 <i style=\"mso-bidi-font-style: normal;\">, packe <\/i>\u2018consegiur\u2019 <i style=\"mso-bidi-font-style: normal;\">, backe <\/i>\u2018assar\u2019<i style=\"mso-bidi-font-style: normal;\">, Backe <\/i>\u2018bochecha\u2019<i style=\"mso-bidi-font-style: normal;\">, Seckel <\/i><\/p>\n<p class=\"MsoNormal\">\u2018bolso\u2019.<\/p>\n<p class=\"MsoNormal\">\u2022 <b style=\"mso-bidi-font-weight: normal;\">&lt;k&gt; <\/b><span style=\"mso-spacerun: yes;\">\u00a0<\/span><i style=\"mso-bidi-font-style: normal;\">kaputt <\/i>\u2018estragado\u2019, <i style=\"mso-bidi-font-style: normal;\">Kunne <\/i>\u2018cliente, cara\u2019, <i style=\"mso-bidi-font-style: normal;\">koofe <\/i>\u2018comprar\u2019, <i style=\"mso-bidi-font-style: normal;\">Kui <\/i>\u2018cuia\u2019 <i style=\"mso-bidi-font-style: normal;\">, Kisse <\/i><\/p>\n<p class=\"MsoNormal\">\u2018travesseiro\u2019, <i style=\"mso-bidi-font-style: normal;\">Kanecker <\/i>\u2018caneca\u2019 <i style=\"mso-bidi-font-style: normal;\">, Kerrich <\/i>\u2018igreja\u2019.<\/p>\n<p class=\"MsoNormal\">\u2022 <b style=\"mso-bidi-font-weight: normal;\">&lt;sp&gt; <\/b><span style=\"mso-spacerun: yes;\">\u00a0<\/span><i style=\"mso-bidi-font-style: normal;\">vespreche <\/i>\u2018prometer\u2019, <i style=\"mso-bidi-font-style: normal;\">Spinneweb <\/i>\u2018teia de aranha\u2019, <i style=\"mso-bidi-font-style: normal;\">spassich<\/i> \u2018estranho,<\/p>\n<p class=\"MsoNormal\">engra\u00e7ado\u2019 <i style=\"mso-bidi-font-style: normal;\">, gesproch <\/i>\u2018falado\u2019.<\/p>\n<p class=\"MsoNormal\">\u2022 <b style=\"mso-bidi-font-weight: normal;\">&lt;st&gt; <\/b><span style=\"mso-spacerun: yes;\">\u00a0<\/span><i style=\"mso-bidi-font-style: normal;\">Steier <\/i>\u2018imposto\u2019, <i style=\"mso-bidi-font-style: normal;\">Stros <\/i>\u2018estrada\u2019, <i style=\"mso-bidi-font-style: normal;\">Gestank <\/i>\u2018fedor\u2019, <i style=\"mso-bidi-font-style: normal;\">ufsteie <\/i>\u2018levantar\u2019, <i style=\"mso-bidi-font-style: normal;\">vestehn <\/i><\/p>\n<p class=\"MsoNormal\">\u2018compreender\u2019, <i style=\"mso-bidi-font-style: normal;\">Stihl <\/i>\u2018cadeiras\u2019, <i style=\"mso-bidi-font-style: normal;\">Stimm <\/i>\u2018voz, voto\u2019.<\/p>\n<p class=\"MsoNormal\">\u2022 <b style=\"mso-bidi-font-weight: normal;\">&lt;sch&gt; <\/b><span style=\"mso-spacerun: yes;\">\u00a0<\/span><i style=\"mso-bidi-font-style: normal;\">Schul <\/i>\u2018escola\u2019, <i style=\"mso-bidi-font-style: normal;\">fosch <\/i>\u2018forte\u2019, <i style=\"mso-bidi-font-style: normal;\">veschreiwe <\/i>\u2018receitar\u2019 <i style=\"mso-bidi-font-style: normal;\">, schneide <\/i>\u2018cortar\u2019 <i style=\"mso-bidi-font-style: normal;\">,<\/i> <i style=\"mso-bidi-font-style: normal;\">Schmea <\/i><span style=\"mso-spacerun: yes;\">\u00a0<\/span>var. <i style=\"mso-bidi-font-style: normal;\"><span style=\"mso-spacerun: yes;\">\u00a0<\/span>Schmier <\/i>\u2018marmelada, doce para passar no p\u00e3o, chimia\u2019.<\/p>\n<p class=\"MsoNormal\">\u2022 <b style=\"mso-bidi-font-weight: normal;\">&lt;ch&gt; <\/b><span style=\"mso-spacerun: yes;\">\u00a0<\/span><i style=\"mso-bidi-font-style: normal;\">ich<\/i> \u2018eu\u2019, <i style=\"mso-bidi-font-style: normal;\">richtich <\/i>\u2018correto\u2019 <i style=\"mso-bidi-font-style: normal;\">, schlecht <\/i>\u2018ruim\u2019 <i style=\"mso-bidi-font-style: normal;\">, noch <\/i>\u2018ainda\u2019, <i style=\"mso-bidi-font-style: normal;\">Tischtuch <\/i>\u2018toalha de mesa\u2019 <i style=\"mso-bidi-font-style: normal;\">, jachte <\/i>\u2018ca\u00e7ar\u2019 <i style=\"mso-bidi-font-style: normal;\">, Hietche <\/i>\u2018chap\u00e9uzinho\u2019 (compare-se <i style=\"mso-bidi-font-style: normal;\">Hittche<\/i> \u2018cabaninha\u2019).<\/p>\n<p class=\"MsoNormal\">\u2022 <b style=\"mso-bidi-font-weight: normal;\">&lt;m&gt; <\/b><span style=\"mso-spacerun: yes;\">\u00a0<\/span><i style=\"mso-bidi-font-style: normal;\">mechtich<\/i> \u2018muito\u2019, <i style=\"mso-bidi-font-style: normal;\">mim <\/i>\u2018com o\u2019 (compare-se <i style=\"mso-bidi-font-style: normal;\">mit\u2019dem<\/i>), <i style=\"mso-bidi-font-style: normal;\">om Enn<\/i> \u2018no fim\u2019,<\/p>\n<p class=\"MsoNormal\"><i style=\"mso-bidi-font-style: normal;\">amenn <\/i>\u2018talvez\u2019, <i style=\"mso-bidi-font-style: normal;\">brumme <\/i>\u2018rosnar\u2019 <i style=\"mso-bidi-font-style: normal;\">, Teebumb <\/i>\u2018bomba de chimarr\u00e3o\u2019, <i style=\"mso-bidi-font-style: normal;\">Boddem <\/i><span style=\"mso-spacerun: yes;\">\u00a0<\/span>var. <i style=\"mso-bidi-font-style: normal;\"><span style=\"mso-spacerun: yes;\">\u00a0<\/span><\/i><\/p>\n<p class=\"MsoNormal\"><i style=\"mso-bidi-font-style: normal;\">Bodem <\/i><span style=\"mso-spacerun: yes;\">\u00a0<\/span>var. <i style=\"mso-bidi-font-style: normal;\"><span style=\"mso-spacerun: yes;\">\u00a0<\/span>Borrem <\/i>\u2018ch\u00e3o\u2019.<\/p>\n<p class=\"MsoNormal\">\u2022 <b style=\"mso-bidi-font-weight: normal;\">&lt;n&gt; <\/b><span style=\"mso-spacerun: yes;\">\u00a0<\/span><i style=\"mso-bidi-font-style: normal;\">Schreibnoome<\/i> \u2018sobrenome\u2019 <i style=\"mso-bidi-font-style: normal;\">, Wand <\/i>\u2018parede\u2019 <i style=\"mso-bidi-font-style: normal;\">, onnanner <\/i>\u2018um ao outro\u2019 <i style=\"mso-bidi-font-style: normal;\">, Indruck <\/i><\/p>\n<p class=\"MsoNormal\">\u2018impress\u00e3o\u2019.<\/p>\n<p>Refer\u00eancias bibliogr\u00e1ficas<\/p>\n<p>ALTENHOFEN, Cl\u00e9o Vilson. A aprendizagem do portugu\u00eas em uma comunidade bil\u00edng\u00fce do Rio Grande do Sul. Um estudo de redes de comunica\u00e7\u00e3o em Harmonia. Disserta\u00e7\u00e3o (Mestrado) Porto Alegre: Universidade Federal do Rio Grande do Sul, 1990.<\/p>\n<p>ALTENHOFEN, Cl\u00e9o Vilson. Hunsr\u00fcckisch in Rio Grande do Sul. Ein Beitrag zur<br \/>\nBeschreibung einer deutschbrasilianischen Dialektvariet\u00e4t im Kontakt mit dem<br \/>\nPortugiesischen. Stuttgart: Steiner, 1996.<\/p>\n<p>ALTENHOFEN, Cl\u00e9o Vilson. A constitui\u00e7\u00e3o do corpus para um \u201cAtlas Ling\u00fc\u00edstico-<br \/>\nContatual das Minorias Alem\u00e3s na Bacia do Prata\u201d. Martius-Staden-Jahrbuch, S\u00e3o<br \/>\nPaulo, n. 51, p. 135-165, 2004.<\/p>\n<p>COLLISCHONN, Wolfgang Hans. Coluna Deutsche Sprache, no jornal O Informativo, de Lajeado &#8211; RS. Coluna Der Friedolin, no jornal Correio Rio-Grandense, de Caxias do Sul \u2013 RS. Coluna no jornal semanal Primeira Hora, de Bom Princ\u00edpio \u2013 RS. Coluna Hunsr\u00fccker aus Rondon, no jornal Evangelische Zeitung, editado em Porto Alegre (?).<\/p>\n<p>COSERIU, Eugenio. Sentido y tareas de la dialectolog\u00eda. M\u00e9xico : Universidad Nacional<br \/>\nAut\u00f3noma de M\u00e9xico, Instituto de Investigaciones Filol\u00f3gicas, 1982.<\/p>\n<p>FLACH, Jos\u00e9 In\u00e1cio. Unsa gut deitsch Kolonie. Nova Petr\u00f3polis: Sociedade Uni\u00e3o<br \/>\nPopular Theodor Amstad, 2004.<\/p>\n<p>GROSS, Alfredo. Hunsr\u00fccker Mundart in Brasilien. Dialektgedichte und Schriften in<br \/>\ndeutscher und portugiesischer Sprache. Porto Alegre : S.e., 2001.<\/p>\n<p>MORAIS, Artur Gomes de. Ortografia: este peculiar objeto de conhecimento. In: Morais, artur Gomes de (org.). O aprendizado da ortografia. 3. ed. Belo Horizonte : at\u00eantica, 2003. p. 7-19.<\/p>\n<p>MORTARA, Giorgio. Immigration to Brazil: some observations on the linguistic<br \/>\nassimilation of immigrants and their descendents in Brazil. In: Cultural Assimilation<br \/>\nof Immigrants. Supplement to Population Studies. London \/ New York, Cambridge<br \/>\nUniversity Press, 1950. p. 39-44.<\/p>\n<p>M\u00dcLLER, Telmo Lauro. Hist\u00f3ria da imigra\u00e7\u00e3o alem\u00e3 para crian\u00e7as. Porto Alegre : EST; Correio Riograndense, 1996. [ed. tril\u00edng\u00fce portugu\u00eas-alem\u00e3o-dialeto Hunsr\u00fcckisch]<\/p>\n<p>RAMBO, Pe. Baldu\u00edno. O rebento do carvalho: contos dialetais (1937 a 1961). Trad.<br \/>\nArthur Bl\u00e1sio Rambo. S\u00e3o Leopoldo (RS): Ed. UNISINOS, 2002. [1937-1961] v. 1-2.<\/p>\n<p>ROTTMANN, Peter Joseph. Gedichte in Hunsr\u00fccker Mundart. 7. Aufl. Mit dem Bildnis<br \/>\nund einer Lebensskizze des Verfassers von Hermann GRIEBEN. Trier: Lintz, 1889.<br \/>\n[1840]<\/p>\n<p>SPOHR, Norberto. Textos no Familienkalender, almanaque anual editado em Porto Alegre &#8211; RS. Textos em Hunsr\u00fcckisch no Brummb\u00e4r-Kalender, editado entre 1931 e 1935, em Arroio do Meio &#8211; RS, por Alfons Brod. Textos em Hunsr\u00fcckisch no Sankt Paulusblatt, peri\u00f3dico mensal editado pela Sociedade Uni\u00e3o Popular Theodor Amstad, em Nova Petr\u00f3polis \u2013 RS.<\/p>\n<p>Notas<br \/>\n1 Este texto \u00e9 uma vers\u00e3o revista e ampliada de uma comunica\u00e7\u00e3o apresentada pelo grupo ESCRITHU no Semin\u00e1rio Internacional: Imigra\u00e7\u00e3o e Rela\u00e7\u00f5es Inter\u00e9tnicas, XVII<br \/>\nSimp\u00f3sio do Instituto Hist\u00f3rico de S\u00e3o Leopoldo, promovido pelo Programa de P\u00f3s-Gradua\u00e7\u00e3o em Hist\u00f3ria da UNISINOS (Universidade do Vale do Rio dos Sinos) e pelo<br \/>\nInstituto Hist\u00f3rico de S\u00e3o Leopoldo, no per\u00edodo de 13 a 15 de setembro de 2006.<\/p>\n<p>2 Semin\u00e1rio sobre a Cria\u00e7\u00e3o do Livro das L\u00ednguas, promovido pelo IPHAN<br \/>\n(www.iphan.gov.br\/)., IPOL (Instituto de Investiga\u00e7\u00e3o e Desenvolvimento em Pol\u00edtica<br \/>\nLing\u00fc\u00edstica &#8211; www.ipol.org.br) e Comiss\u00e3o de Educa\u00e7\u00e3o e Cultura da C\u00e2mara dos<br \/>\nDeputados, em Bras\u00edlia, 07 a 09 mar\u00e7o de 2006.<\/p>\n<p>[Graph missing here]<br \/>\nTipologia do Hunsr\u00fcckisch falado no Rio Grande do Sul, Segundo Altenhofen (1996).<\/p>\n<p>3 Optamos, aqui, pelo termo l\u00edngua, quando consideramos seu status sist\u00eamico e<br \/>\nindependente, em contato com o portugu\u00eas (l\u00edngua como sistema f\u00f4nico e gramatical); a<br \/>\nop\u00e7\u00e3o por dialeto ocorre, quando se destaca sua condi\u00e7\u00e3o de subsistema do alem\u00e3o e<br \/>\nsua vincula\u00e7\u00e3o hist\u00f3rica ao alem\u00e3o como l\u00edngua-teto ( \u00dcberdachungsnorm). Veja-se<br \/>\npara tanto Coseriu (1982).<\/p>\n<p>4 Esta estimativa, que se baseia em resultados do projeto BIRS ( Biling\u00fcismo no Rio<br \/>\nGande do Sul \u2013 v. ALTENHOFEN 1990) e dos censos do IBGE de 1940 e 1950 (v.<br \/>\nMORTARA 1950), infelizmente os \u00faltimos que ainda inquiriram sobre outras \u201cl\u00ednguas,<br \/>\nal\u00e9m do portugu\u00eas, faladas no lar,\u201d deve ser tomada apenas como um indicador muito<br \/>\ngeral. \u00c9 praticamente imposs\u00edvel determinar um n\u00famero preciso de falantes, ainda mais<br \/>\nconsiderando que os censos existentes referem-se \u00e0s l\u00ednguas pelo nome gen\u00e9rico, no<br \/>\ncaso alem\u00e3o, sem refer\u00eancia propriamente \u00e0 variedade dialetal espec\u00edfica que de fato \u00e9<br \/>\nfalada.<\/p>\n<p>5 Tradu\u00e7\u00e3o: \u2018Era uma vez uma menina \/ de dezenove, vinte anos \/ que tinha cabelos<br \/>\nmarrons e lisos \/ da cor da casca da castanha.\u2019<\/p>\n<p>[Graph missing here]<br \/>\nMapa da varia\u00e7\u00e3o de [a ] e [ ], segundo Altenhofen (1996).<\/p>\n<p><a href=\"https:\/\/www.facebook.com\/pages\/Riograndenser-Hunsr%C3%BCckisch\/366655020086673\"><img data-recalc-dims=\"1\" loading=\"lazy\" decoding=\"async\" class=\"size-full wp-image-797 aligncenter\" src=\"https:\/\/i0.wp.com\/www.hunsriqueano.riolingo.com\/blog\/wp-content\/uploads\/2014\/01\/Screen-Shot-2014-01-29-at-12.07.28-AM.png?resize=194%2C223\" alt=\"Screen Shot 2014-01-29 at 12.07.28 AM\" width=\"194\" height=\"223\" \/><\/a><\/p>\n","protected":false},"excerpt":{"rendered":"<p>Clique na imagem para aument\u00e1-la, para ler o melhor o texto nela contido. Mach en Klick uff&#8217;s Bild, um es zu vergr\u00f6ssre &#8211; so dass du der Text lese kannst. www.revistacontingentia.com | Cl\u00e9o V. Altenhofen; Jaqueline Frey; Maria L. K\u00e4fer; &hellip; <a href=\"https:\/\/www.hunsriqueano.riolingo.com\/blog\/fundamentos-para-uma-escrita-do-hunsruckisch-falado-no-brasil\/\">Continue reading <span class=\"meta-nav\">&rarr;<\/span><\/a><\/p>\n","protected":false},"author":2,"featured_media":0,"comment_status":"closed","ping_status":"open","sticky":false,"template":"","format":"standard","meta":{"_jetpack_newsletter_access":"","_jetpack_dont_email_post_to_subs":false,"_jetpack_newsletter_tier_id":0,"_jetpack_memberships_contains_paywalled_content":false,"_jetpack_feature_clip_id":0,"_jetpack_memberships_contains_paid_content":false,"footnotes":"","jetpack_publicize_message":"","jetpack_publicize_feature_enabled":true,"jetpack_social_post_already_shared":false,"jetpack_social_options":{"image_generator_settings":{"template":"highway","default_image_id":0,"font":"","enabled":false},"version":2},"jetpack_post_was_ever_published":false},"categories":[1],"tags":[],"class_list":["post-504","post","type-post","status-publish","format-standard","hentry","category-uncategorized"],"aioseo_notices":[],"aioseo_head":"\n\t\t<!-- All in One SEO 5.0.1.1 - aioseo.com -->\n\t<meta name=\"robots\" content=\"max-image-preview:large\" \/>\n\t<meta name=\"author\" content=\"Paul Beppler\"\/>\n\t<link rel=\"canonical\" href=\"https:\/\/www.hunsriqueano.riolingo.com\/blog\/fundamentos-para-uma-escrita-do-hunsruckisch-falado-no-brasil\/\" \/>\n\t<meta name=\"generator\" content=\"All in One SEO (AIOSEO) 5.0.1.1\" \/>\n\t\t<meta property=\"og:locale\" content=\"en_US\" \/>\n\t\t<meta property=\"og:site_name\" content=\"Riograndenser Hunsr\u00fcckisch | iss die meischt gesprochne reschionoole Variant von der deitsche Sproch in Br\u00e4silje. Hunsriqueano Riograndense \u00e9 a variante regional da l\u00edngua alem\u00e3 mais falada no Brasil. Riograndenser Hunsr\u00fcckisch es la variante regional del alem\u00e1n m\u00e1s hablada en Brasil.\" \/>\n\t\t<meta property=\"og:type\" content=\"article\" \/>\n\t\t<meta property=\"og:title\" content=\"Fundamentos para uma escrita do Hunsr\u00fcckisch falado no Brasil | Riograndenser Hunsr\u00fcckisch\" \/>\n\t\t<meta property=\"og:url\" content=\"https:\/\/www.hunsriqueano.riolingo.com\/blog\/fundamentos-para-uma-escrita-do-hunsruckisch-falado-no-brasil\/\" \/>\n\t\t<meta property=\"article:published_time\" content=\"2013-05-14T12:07:24+00:00\" \/>\n\t\t<meta property=\"article:modified_time\" content=\"2026-05-05T06:47:30+00:00\" \/>\n\t\t<meta name=\"twitter:card\" content=\"summary\" \/>\n\t\t<meta name=\"twitter:title\" content=\"Fundamentos para uma escrita do Hunsr\u00fcckisch falado no Brasil | Riograndenser Hunsr\u00fcckisch\" \/>\n\t\t<script type=\"application\/ld+json\" class=\"aioseo-schema\">\n\t\t\t{\"@context\":\"https:\\\/\\\/schema.org\",\"@graph\":[{\"@type\":\"Article\",\"@id\":\"https:\\\/\\\/www.hunsriqueano.riolingo.com\\\/blog\\\/fundamentos-para-uma-escrita-do-hunsruckisch-falado-no-brasil\\\/#article\",\"name\":\"Fundamentos para uma escrita do Hunsr\\u00fcckisch falado no Brasil | Riograndenser Hunsr\\u00fcckisch\",\"headline\":\"Fundamentos para uma escrita do Hunsr\\u00fcckisch falado no Brasil\",\"author\":{\"@id\":\"https:\\\/\\\/www.hunsriqueano.riolingo.com\\\/blog\\\/author\\\/pbeppler\\\/#author\"},\"publisher\":{\"@id\":\"https:\\\/\\\/www.hunsriqueano.riolingo.com\\\/blog\\\/#organization\"},\"image\":{\"@type\":\"ImageObject\",\"url\":\"https:\\\/\\\/i0.wp.com\\\/www.hunsriqueano.riolingo.com\\\/blog\\\/wp-content\\\/uploads\\\/2013\\\/05\\\/Screen-Shot-2014-01-07-Altenhofen-Muttersproch-Sankt-Leopold-RS.jpg.jpg?fit=954%2C615&ssl=1\",\"@id\":\"https:\\\/\\\/www.hunsriqueano.riolingo.com\\\/blog\\\/fundamentos-para-uma-escrita-do-hunsruckisch-falado-no-brasil\\\/#articleImage\",\"width\":954,\"height\":615},\"datePublished\":\"2013-05-14T12:07:24-07:00\",\"dateModified\":\"2026-05-04T23:47:30-07:00\",\"inLanguage\":\"en-US\",\"mainEntityOfPage\":{\"@id\":\"https:\\\/\\\/www.hunsriqueano.riolingo.com\\\/blog\\\/fundamentos-para-uma-escrita-do-hunsruckisch-falado-no-brasil\\\/#webpage\"},\"isPartOf\":{\"@id\":\"https:\\\/\\\/www.hunsriqueano.riolingo.com\\\/blog\\\/fundamentos-para-uma-escrita-do-hunsruckisch-falado-no-brasil\\\/#webpage\"},\"articleSection\":\"Allgemeener\"},{\"@type\":\"BreadcrumbList\",\"@id\":\"https:\\\/\\\/www.hunsriqueano.riolingo.com\\\/blog\\\/fundamentos-para-uma-escrita-do-hunsruckisch-falado-no-brasil\\\/#breadcrumblist\",\"itemListElement\":[{\"@type\":\"ListItem\",\"@id\":\"https:\\\/\\\/www.hunsriqueano.riolingo.com\\\/blog#listItem\",\"position\":1,\"name\":\"Home\",\"item\":\"https:\\\/\\\/www.hunsriqueano.riolingo.com\\\/blog\",\"nextItem\":{\"@type\":\"ListItem\",\"@id\":\"https:\\\/\\\/www.hunsriqueano.riolingo.com\\\/blog\\\/category\\\/uncategorized\\\/#listItem\",\"name\":\"Allgemeener\"}},{\"@type\":\"ListItem\",\"@id\":\"https:\\\/\\\/www.hunsriqueano.riolingo.com\\\/blog\\\/category\\\/uncategorized\\\/#listItem\",\"position\":2,\"name\":\"Allgemeener\",\"item\":\"https:\\\/\\\/www.hunsriqueano.riolingo.com\\\/blog\\\/category\\\/uncategorized\\\/\",\"nextItem\":{\"@type\":\"ListItem\",\"@id\":\"https:\\\/\\\/www.hunsriqueano.riolingo.com\\\/blog\\\/fundamentos-para-uma-escrita-do-hunsruckisch-falado-no-brasil\\\/#listItem\",\"name\":\"Fundamentos para uma escrita do Hunsr\\u00fcckisch falado no Brasil\"},\"previousItem\":{\"@type\":\"ListItem\",\"@id\":\"https:\\\/\\\/www.hunsriqueano.riolingo.com\\\/blog#listItem\",\"name\":\"Home\"}},{\"@type\":\"ListItem\",\"@id\":\"https:\\\/\\\/www.hunsriqueano.riolingo.com\\\/blog\\\/fundamentos-para-uma-escrita-do-hunsruckisch-falado-no-brasil\\\/#listItem\",\"position\":3,\"name\":\"Fundamentos para uma escrita do Hunsr\\u00fcckisch falado no Brasil\",\"previousItem\":{\"@type\":\"ListItem\",\"@id\":\"https:\\\/\\\/www.hunsriqueano.riolingo.com\\\/blog\\\/category\\\/uncategorized\\\/#listItem\",\"name\":\"Allgemeener\"}}]},{\"@type\":\"Organization\",\"@id\":\"https:\\\/\\\/www.hunsriqueano.riolingo.com\\\/blog\\\/#organization\",\"name\":\"Riograndenser Hunsr\\u00fcckisch\",\"description\":\"iss die meischt gesprochne reschionoole Variant von der deitsche Sproch in Br\\u00e4silje. Hunsriqueano Riograndense \\u00e9 a variante regional da l\\u00edngua alem\\u00e3 mais falada no Brasil. Riograndenser Hunsr\\u00fcckisch es la variante regional del alem\\u00e1n m\\u00e1s hablada en Brasil.\",\"url\":\"https:\\\/\\\/www.hunsriqueano.riolingo.com\\\/blog\\\/\"},{\"@type\":\"Person\",\"@id\":\"https:\\\/\\\/www.hunsriqueano.riolingo.com\\\/blog\\\/author\\\/pbeppler\\\/#author\",\"url\":\"https:\\\/\\\/www.hunsriqueano.riolingo.com\\\/blog\\\/author\\\/pbeppler\\\/\",\"name\":\"Paul Beppler\",\"image\":{\"@type\":\"ImageObject\",\"@id\":\"https:\\\/\\\/www.hunsriqueano.riolingo.com\\\/blog\\\/fundamentos-para-uma-escrita-do-hunsruckisch-falado-no-brasil\\\/#authorImage\",\"url\":\"https:\\\/\\\/secure.gravatar.com\\\/avatar\\\/1fe20e35538a0b559f3c3413f0be96ff2aa2acf0b0d67144eb6461427e34410d?s=96&d=mm&r=g\",\"width\":96,\"height\":96,\"caption\":\"Paul Beppler\"}},{\"@type\":\"WebPage\",\"@id\":\"https:\\\/\\\/www.hunsriqueano.riolingo.com\\\/blog\\\/fundamentos-para-uma-escrita-do-hunsruckisch-falado-no-brasil\\\/#webpage\",\"url\":\"https:\\\/\\\/www.hunsriqueano.riolingo.com\\\/blog\\\/fundamentos-para-uma-escrita-do-hunsruckisch-falado-no-brasil\\\/\",\"name\":\"Fundamentos para uma escrita do Hunsr\\u00fcckisch falado no Brasil | Riograndenser Hunsr\\u00fcckisch\",\"inLanguage\":\"en-US\",\"isPartOf\":{\"@id\":\"https:\\\/\\\/www.hunsriqueano.riolingo.com\\\/blog\\\/#website\"},\"breadcrumb\":{\"@id\":\"https:\\\/\\\/www.hunsriqueano.riolingo.com\\\/blog\\\/fundamentos-para-uma-escrita-do-hunsruckisch-falado-no-brasil\\\/#breadcrumblist\"},\"author\":{\"@id\":\"https:\\\/\\\/www.hunsriqueano.riolingo.com\\\/blog\\\/author\\\/pbeppler\\\/#author\"},\"creator\":{\"@id\":\"https:\\\/\\\/www.hunsriqueano.riolingo.com\\\/blog\\\/author\\\/pbeppler\\\/#author\"},\"datePublished\":\"2013-05-14T12:07:24-07:00\",\"dateModified\":\"2026-05-04T23:47:30-07:00\"},{\"@type\":\"WebSite\",\"@id\":\"https:\\\/\\\/www.hunsriqueano.riolingo.com\\\/blog\\\/#website\",\"url\":\"https:\\\/\\\/www.hunsriqueano.riolingo.com\\\/blog\\\/\",\"name\":\"Riograndenser Hunsr\\u00fcckisch\",\"description\":\"iss die meischt gesprochne reschionoole Variant von der deitsche Sproch in Br\\u00e4silje. Hunsriqueano Riograndense \\u00e9 a variante regional da l\\u00edngua alem\\u00e3 mais falada no Brasil. Riograndenser Hunsr\\u00fcckisch es la variante regional del alem\\u00e1n m\\u00e1s hablada en Brasil.\",\"inLanguage\":\"en-US\",\"publisher\":{\"@id\":\"https:\\\/\\\/www.hunsriqueano.riolingo.com\\\/blog\\\/#organization\"}}]}\n\t\t<\/script>\n\t\t<!-- All in One SEO -->\n\n","aioseo_head_json":{"title":"Fundamentos para uma escrita do Hunsr\u00fcckisch falado no Brasil | Riograndenser Hunsr\u00fcckisch","description":"","canonical_url":"https:\/\/www.hunsriqueano.riolingo.com\/blog\/fundamentos-para-uma-escrita-do-hunsruckisch-falado-no-brasil\/","robots":"max-image-preview:large","keywords":"","webmasterTools":{"miscellaneous":""},"schema":{"@context":"https:\/\/schema.org","@graph":[{"@type":"Article","@id":"https:\/\/www.hunsriqueano.riolingo.com\/blog\/fundamentos-para-uma-escrita-do-hunsruckisch-falado-no-brasil\/#article","name":"Fundamentos para uma escrita do Hunsr\u00fcckisch falado no Brasil | Riograndenser Hunsr\u00fcckisch","headline":"Fundamentos para uma escrita do Hunsr\u00fcckisch falado no Brasil","author":{"@id":"https:\/\/www.hunsriqueano.riolingo.com\/blog\/author\/pbeppler\/#author"},"publisher":{"@id":"https:\/\/www.hunsriqueano.riolingo.com\/blog\/#organization"},"image":{"@type":"ImageObject","url":"https:\/\/i0.wp.com\/www.hunsriqueano.riolingo.com\/blog\/wp-content\/uploads\/2013\/05\/Screen-Shot-2014-01-07-Altenhofen-Muttersproch-Sankt-Leopold-RS.jpg.jpg?fit=954%2C615&ssl=1","@id":"https:\/\/www.hunsriqueano.riolingo.com\/blog\/fundamentos-para-uma-escrita-do-hunsruckisch-falado-no-brasil\/#articleImage","width":954,"height":615},"datePublished":"2013-05-14T12:07:24-07:00","dateModified":"2026-05-04T23:47:30-07:00","inLanguage":"en-US","mainEntityOfPage":{"@id":"https:\/\/www.hunsriqueano.riolingo.com\/blog\/fundamentos-para-uma-escrita-do-hunsruckisch-falado-no-brasil\/#webpage"},"isPartOf":{"@id":"https:\/\/www.hunsriqueano.riolingo.com\/blog\/fundamentos-para-uma-escrita-do-hunsruckisch-falado-no-brasil\/#webpage"},"articleSection":"Allgemeener"},{"@type":"BreadcrumbList","@id":"https:\/\/www.hunsriqueano.riolingo.com\/blog\/fundamentos-para-uma-escrita-do-hunsruckisch-falado-no-brasil\/#breadcrumblist","itemListElement":[{"@type":"ListItem","@id":"https:\/\/www.hunsriqueano.riolingo.com\/blog#listItem","position":1,"name":"Home","item":"https:\/\/www.hunsriqueano.riolingo.com\/blog","nextItem":{"@type":"ListItem","@id":"https:\/\/www.hunsriqueano.riolingo.com\/blog\/category\/uncategorized\/#listItem","name":"Allgemeener"}},{"@type":"ListItem","@id":"https:\/\/www.hunsriqueano.riolingo.com\/blog\/category\/uncategorized\/#listItem","position":2,"name":"Allgemeener","item":"https:\/\/www.hunsriqueano.riolingo.com\/blog\/category\/uncategorized\/","nextItem":{"@type":"ListItem","@id":"https:\/\/www.hunsriqueano.riolingo.com\/blog\/fundamentos-para-uma-escrita-do-hunsruckisch-falado-no-brasil\/#listItem","name":"Fundamentos para uma escrita do Hunsr\u00fcckisch falado no Brasil"},"previousItem":{"@type":"ListItem","@id":"https:\/\/www.hunsriqueano.riolingo.com\/blog#listItem","name":"Home"}},{"@type":"ListItem","@id":"https:\/\/www.hunsriqueano.riolingo.com\/blog\/fundamentos-para-uma-escrita-do-hunsruckisch-falado-no-brasil\/#listItem","position":3,"name":"Fundamentos para uma escrita do Hunsr\u00fcckisch falado no Brasil","previousItem":{"@type":"ListItem","@id":"https:\/\/www.hunsriqueano.riolingo.com\/blog\/category\/uncategorized\/#listItem","name":"Allgemeener"}}]},{"@type":"Organization","@id":"https:\/\/www.hunsriqueano.riolingo.com\/blog\/#organization","name":"Riograndenser Hunsr\u00fcckisch","description":"iss die meischt gesprochne reschionoole Variant von der deitsche Sproch in Br\u00e4silje. Hunsriqueano Riograndense \u00e9 a variante regional da l\u00edngua alem\u00e3 mais falada no Brasil. Riograndenser Hunsr\u00fcckisch es la variante regional del alem\u00e1n m\u00e1s hablada en Brasil.","url":"https:\/\/www.hunsriqueano.riolingo.com\/blog\/"},{"@type":"Person","@id":"https:\/\/www.hunsriqueano.riolingo.com\/blog\/author\/pbeppler\/#author","url":"https:\/\/www.hunsriqueano.riolingo.com\/blog\/author\/pbeppler\/","name":"Paul Beppler","image":{"@type":"ImageObject","@id":"https:\/\/www.hunsriqueano.riolingo.com\/blog\/fundamentos-para-uma-escrita-do-hunsruckisch-falado-no-brasil\/#authorImage","url":"https:\/\/secure.gravatar.com\/avatar\/1fe20e35538a0b559f3c3413f0be96ff2aa2acf0b0d67144eb6461427e34410d?s=96&d=mm&r=g","width":96,"height":96,"caption":"Paul Beppler"}},{"@type":"WebPage","@id":"https:\/\/www.hunsriqueano.riolingo.com\/blog\/fundamentos-para-uma-escrita-do-hunsruckisch-falado-no-brasil\/#webpage","url":"https:\/\/www.hunsriqueano.riolingo.com\/blog\/fundamentos-para-uma-escrita-do-hunsruckisch-falado-no-brasil\/","name":"Fundamentos para uma escrita do Hunsr\u00fcckisch falado no Brasil | Riograndenser Hunsr\u00fcckisch","inLanguage":"en-US","isPartOf":{"@id":"https:\/\/www.hunsriqueano.riolingo.com\/blog\/#website"},"breadcrumb":{"@id":"https:\/\/www.hunsriqueano.riolingo.com\/blog\/fundamentos-para-uma-escrita-do-hunsruckisch-falado-no-brasil\/#breadcrumblist"},"author":{"@id":"https:\/\/www.hunsriqueano.riolingo.com\/blog\/author\/pbeppler\/#author"},"creator":{"@id":"https:\/\/www.hunsriqueano.riolingo.com\/blog\/author\/pbeppler\/#author"},"datePublished":"2013-05-14T12:07:24-07:00","dateModified":"2026-05-04T23:47:30-07:00"},{"@type":"WebSite","@id":"https:\/\/www.hunsriqueano.riolingo.com\/blog\/#website","url":"https:\/\/www.hunsriqueano.riolingo.com\/blog\/","name":"Riograndenser Hunsr\u00fcckisch","description":"iss die meischt gesprochne reschionoole Variant von der deitsche Sproch in Br\u00e4silje. Hunsriqueano Riograndense \u00e9 a variante regional da l\u00edngua alem\u00e3 mais falada no Brasil. Riograndenser Hunsr\u00fcckisch es la variante regional del alem\u00e1n m\u00e1s hablada en Brasil.","inLanguage":"en-US","publisher":{"@id":"https:\/\/www.hunsriqueano.riolingo.com\/blog\/#organization"}}]},"og:locale":"en_US","og:site_name":"Riograndenser Hunsr\u00fcckisch | iss die meischt gesprochne reschionoole Variant von der deitsche Sproch in Br\u00e4silje. Hunsriqueano Riograndense \u00e9 a variante regional da l\u00edngua alem\u00e3 mais falada no Brasil. Riograndenser Hunsr\u00fcckisch es la variante regional del alem\u00e1n m\u00e1s hablada en Brasil.","og:type":"article","og:title":"Fundamentos para uma escrita do Hunsr\u00fcckisch falado no Brasil | Riograndenser Hunsr\u00fcckisch","og:url":"https:\/\/www.hunsriqueano.riolingo.com\/blog\/fundamentos-para-uma-escrita-do-hunsruckisch-falado-no-brasil\/","article:published_time":"2013-05-14T12:07:24+00:00","article:modified_time":"2026-05-05T06:47:30+00:00","twitter:card":"summary","twitter:title":"Fundamentos para uma escrita do Hunsr\u00fcckisch falado no Brasil | Riograndenser Hunsr\u00fcckisch"},"aioseo_meta_data":{"post_id":"504","title":null,"description":null,"keywords":null,"keyphrases":{"focus":{"keyphrase":"","score":0,"analysis":{"keyphraseInTitle":{"score":0,"maxScore":9,"error":1}}},"additional":[]},"primary_term":null,"canonical_url":null,"og_title":null,"og_description":null,"og_object_type":"default","og_image_type":"default","og_image_url":null,"og_image_width":null,"og_image_height":null,"og_image_custom_url":null,"og_image_custom_fields":null,"og_video":"","og_custom_url":null,"og_article_section":null,"og_article_tags":null,"twitter_use_og":false,"twitter_card":"default","twitter_image_type":"default","twitter_image_url":null,"twitter_image_custom_url":null,"twitter_image_custom_fields":null,"twitter_title":null,"twitter_description":null,"schema":{"blockGraphs":[],"customGraphs":[],"default":{"data":{"Article":[],"Course":[],"Dataset":[],"FAQPage":[],"Movie":[],"Person":[],"Product":[],"ProductReview":[],"Car":[],"Recipe":[],"Service":[],"SoftwareApplication":[],"WebPage":[]},"graphName":"Article","isEnabled":true},"graphs":[]},"schema_type":null,"schema_type_options":null,"pillar_content":false,"robots_default":true,"robots_noindex":false,"robots_noarchive":false,"robots_nosnippet":false,"robots_nofollow":false,"robots_noimageindex":false,"robots_noodp":false,"robots_notranslate":false,"robots_max_snippet":"-1","robots_max_videopreview":"-1","robots_max_imagepreview":"large","priority":null,"frequency":"default","location":null,"local_seo":null,"breadcrumb_settings":null,"limit_modified_date":false,"ai":{"faqs":[],"keyPoints":[],"schemas":[],"titles":[],"descriptions":[],"socialPosts":{"email":[],"linkedin":[],"twitter":[],"facebook":[],"instagram":[]}},"created":"2021-02-05 18:02:48","updated":"2026-05-05 11:41:05","seo_analyzer_scan_date":null,"focus_keyword":null,"additional_keywords":null,"truseo_locale":null},"aioseo_breadcrumb":"<div class=\"aioseo-breadcrumbs\"><span class=\"aioseo-breadcrumb\">\n\t\t\t<a href=\"https:\/\/www.hunsriqueano.riolingo.com\/blog\" title=\"Home\">Home<\/a>\n\t\t<\/span><span class=\"aioseo-breadcrumb-separator\">&raquo;<\/span><span class=\"aioseo-breadcrumb\">\n\t\t\t<a href=\"https:\/\/www.hunsriqueano.riolingo.com\/blog\/category\/uncategorized\/\" title=\"Allgemeener\">Allgemeener<\/a>\n\t\t<\/span><span class=\"aioseo-breadcrumb-separator\">&raquo;<\/span><span class=\"aioseo-breadcrumb\">\n\t\t\tFundamentos para uma escrita do Hunsr\u00fcckisch falado no Brasil\n\t\t<\/span><\/div>","aioseo_breadcrumb_json":[{"label":"Home","link":"https:\/\/www.hunsriqueano.riolingo.com\/blog"},{"label":"Allgemeener","link":"https:\/\/www.hunsriqueano.riolingo.com\/blog\/category\/uncategorized\/"},{"label":"Fundamentos para uma escrita do Hunsr\u00fcckisch falado no Brasil","link":"https:\/\/www.hunsriqueano.riolingo.com\/blog\/fundamentos-para-uma-escrita-do-hunsruckisch-falado-no-brasil\/"}],"jetpack_publicize_connections":[],"jetpack_shortlink":"https:\/\/wp.me\/p9sRFr-88","jetpack_sharing_enabled":true,"jetpack_featured_media_url":"","_links":{"self":[{"href":"https:\/\/www.hunsriqueano.riolingo.com\/blog\/wp-json\/wp\/v2\/posts\/504","targetHints":{"allow":["GET"]}}],"collection":[{"href":"https:\/\/www.hunsriqueano.riolingo.com\/blog\/wp-json\/wp\/v2\/posts"}],"about":[{"href":"https:\/\/www.hunsriqueano.riolingo.com\/blog\/wp-json\/wp\/v2\/types\/post"}],"author":[{"embeddable":true,"href":"https:\/\/www.hunsriqueano.riolingo.com\/blog\/wp-json\/wp\/v2\/users\/2"}],"replies":[{"embeddable":true,"href":"https:\/\/www.hunsriqueano.riolingo.com\/blog\/wp-json\/wp\/v2\/comments?post=504"}],"version-history":[{"count":0,"href":"https:\/\/www.hunsriqueano.riolingo.com\/blog\/wp-json\/wp\/v2\/posts\/504\/revisions"}],"wp:attachment":[{"href":"https:\/\/www.hunsriqueano.riolingo.com\/blog\/wp-json\/wp\/v2\/media?parent=504"}],"wp:term":[{"taxonomy":"category","embeddable":true,"href":"https:\/\/www.hunsriqueano.riolingo.com\/blog\/wp-json\/wp\/v2\/categories?post=504"},{"taxonomy":"post_tag","embeddable":true,"href":"https:\/\/www.hunsriqueano.riolingo.com\/blog\/wp-json\/wp\/v2\/tags?post=504"}],"curies":[{"name":"wp","href":"https:\/\/api.w.org\/{rel}","templated":true}]}}