{"id":1551,"date":"2014-08-12T20:02:27","date_gmt":"2014-08-12T20:02:27","guid":{"rendered":"http:\/\/www.hunsriqueano.riolingo.com\/blog\/?p=1551"},"modified":"2014-08-12T20:04:01","modified_gmt":"2014-08-12T20:04:01","slug":"die-palz","status":"publish","type":"post","link":"https:\/\/www.hunsriqueano.riolingo.com\/blog\/die-palz\/","title":{"rendered":"Die Palz"},"content":{"rendered":"<p><a href=\"https:\/\/commons.wikimedia.org\/wiki\/File%3AWinzergasse_Gleiszellen_(Pfalz).JPG\">Winzergasse Gleiszelle<\/a> &#8211; Die Pfalz (o Palatinado \/ the Palatinate). <a href=\"https:\/\/i0.wp.com\/www.hunsriqueano.riolingo.com\/blog\/wp-content\/uploads\/2014\/08\/Screen-Shot-2014-08-12-at-12.52.00-PM.png\"><img data-recalc-dims=\"1\" loading=\"lazy\" decoding=\"async\" src=\"https:\/\/i0.wp.com\/www.hunsriqueano.riolingo.com\/blog\/wp-content\/uploads\/2014\/08\/Screen-Shot-2014-08-12-at-12.52.00-PM.png?resize=584%2C438\" alt=\"Screen Shot 2014-08-12 at 12.52.00 PM\" width=\"584\" height=\"438\" class=\"alignnone size-full wp-image-1555\" srcset=\"https:\/\/i0.wp.com\/www.hunsriqueano.riolingo.com\/blog\/wp-content\/uploads\/2014\/08\/Screen-Shot-2014-08-12-at-12.52.00-PM.png?w=800&amp;ssl=1 800w, https:\/\/i0.wp.com\/www.hunsriqueano.riolingo.com\/blog\/wp-content\/uploads\/2014\/08\/Screen-Shot-2014-08-12-at-12.52.00-PM.png?resize=300%2C225&amp;ssl=1 300w, https:\/\/i0.wp.com\/www.hunsriqueano.riolingo.com\/blog\/wp-content\/uploads\/2014\/08\/Screen-Shot-2014-08-12-at-12.52.00-PM.png?resize=400%2C300&amp;ssl=1 400w\" sizes=\"auto, (max-width: 584px) 100vw, 584px\" \/><\/a>Das dohier ist en Bild von Dr. Manfred Holz (sie <a href=\"https:\/\/de.wikipedia.org\/wiki\/Gleiszellen-Gleishorbach\">Gleiszellen-Gleishorbach<\/a> \/ Wikipedia-Deitsch, die Freie Internetz-Enzyklop\u00e4die)<\/p>\n<p>IMPRESS\u00d5ES DO PALATINADO ANTIGO, REGI\u00c3O LOCALIZADA NO SUDOESTE DA ALEMANHA.<\/p>\n<p>O Palatinado fica junto \u00e0s regi\u00f5es do Hesse, Hunsr\u00fcck, e da vizinha regi\u00e3o francesa da Lorena (em alem\u00e3o Lothringen), do Luxemburgo, onde se falam dialetos alem\u00e3es que ganham diferentes nomes mas que pertencem ao grupo de falares Westmitteldeutsch (alem\u00e3o centro-ocidental). Muito embora o luxemburgu\u00eas (Luxemburguisch em alem\u00e3o) tenha ganhado o status de l\u00edngua nacional, muito embora o chamado Lothringisch Platt falado na reigi\u00e3o de Lorena, na Fran\u00e7a, jamais iria se auto-intitular de &#8220;Hunsr\u00fcckisch&#8221;, na pr\u00e1tica o dialeto &#8220;Hunsr\u00fccker Platt&#8221; do sudoeste alem\u00e3o \u00e9 muito mais do que mutualmente intelig\u00edvel, de t\u00e3o pr\u00f3ximos e similares que s\u00e3o esses falares. Tamb\u00e9m houve transplante de dialetos desse tronco germ\u00e2nico para al\u00e9m-mar, dando emerg\u00eancia ao Riograndenser Hunsr\u00fcckisch ou Hunsriqueano Riograndense no sul do Brasil com cerca de tr\u00eas a quatro milh\u00f5es de falantes (Aten\u00e7\u00e3o: existem outras variantes de alem\u00e3o no Brasil com um n\u00famero bem mais baixo de falantes); e similarmente na Am\u00e9rica do Norte surgiu o chamado Alem\u00e3o da Pensilv\u00e2nia ou Pennsylvania Deutsch (Nota: Dialetos muitas vezes tem v\u00e1rios nomes diferentes, e v\u00e1rias grafias divergentes de seu nome, quer dizer bem ao contr\u00e1rio do que ocorre com as imponentes e absolutas l\u00ednguas dominantes, oficiais, sancionadas pelos seus devidos Estados).<\/p>\n<p>die Pfalz (uff Deitsch\/auf Deutsch\/em alem\u00e3o)<br \/>\no Palatinado (uff Brasilioonisch\/auf Portugiesisch\/em portugu\u00eas)<br \/>\nthe Palatinate (uff Englisch\/auf Englisch\/em ingl\u00eas).<\/p>\n<p>https:\/\/pt.wikipedia.org\/wiki\/Palatinado<\/p>\n<p>Valeria notar que no dialeto local, pertencente ao tronco Rheinfr\u00e4nkisch a combina\u00e7\u00e3o de letras &#8220;pf&#8221; do alem\u00e3o-padr\u00e3o oficial n\u00e3o faz parte &#8211; portanto as pessoas da regi\u00e3o do Palatinado se referem ao falar em seu dialeto, \u00e0 &#8220;die Palz&#8221; em vez de &#8220;die Pfalz&#8221;; igualmente no que toca o pr\u00f3prio nome do dialeto, o qual \u00e9 conhecido por todo o pa\u00eds como &#8220;Pf\u00e4lzisch&#8221;, por\u00e9m, ao conversarem entre s\u00ed no dialeto local, as pessoas o chamam &#8220;P\u00e4lzisch&#8221;.<\/p>\n<p>Seria importante a gente notar que, em se tratando de dialetos, nem todas as pessoas que residem em e que naturais de regi\u00f5es da Alemanha onde existem &#8220;fortes&#8221; dialetos locais, realmente falam essas antigas variantes regionais do idioma alem\u00e3o (em geral, quanto mais jovem for o indiv\u00edduo, mas afastado do dialeto). Sim pois a partir da II Guerra Mundial houve uma forte tend\u00eancia de padroniza\u00e7\u00e3o da l\u00edngua, especialmente dada a expans\u00e3o e disponibiliza\u00e7\u00e3o geral dos meios de comunica\u00e7\u00e3o em massa, como a televis\u00e3o. Por\u00e9m, hoje em dia a nova onda por toda a Uni\u00e3o Europ\u00e9ia \u00e9 salvaguardar as l\u00ednguas menores, reenfor\u00e7ar aspectos das culturas regionais, como as tradi\u00e7\u00f5es gastron\u00f4micas antigas, os idiomas e falares regionais, as express\u00f5es folcl\u00f3ricas, etc. Se a fase inicial da expans\u00e3o dos meios de comunica\u00e7\u00e3o em tempos modernos foi detrimental para as l\u00ednguas e dialetos menores, agora em seu atual estado, nesta grande revolu\u00e7\u00e3o nos meios de comunica\u00e7\u00e3o que estamos vivenciando, onde cada qual pode publicar o que quer, onde pessoas com interesses m\u00fatuos podem se agrupar livremente atrav\u00e9s da internet &#8230;. o contr\u00e1rio est\u00e1 acontecendo ultimamente, sendo que esta revolu\u00e7\u00e3o nos meios de comunica\u00e7\u00e3o absolutamente sem precedentes hist\u00f3ricos, est\u00e1 de fato permitindo que as pessoas com interesses similares se encontrem e se organizem organicamente &#8230; ou seja, ultrapassando os tradicionais &#8220;gate keepers&#8221; da informa\u00e7\u00e3o, os controladores e prescritivistas e ditadores de identidades e de gostos e de costumes.<\/p>\n<p>Paul Beppler<br \/>\nRiograndenser Hunsr\u00fcckisch<br \/>\nFacebook Community Admin.<br \/>\nSeattle, WA &#8211; USA.<\/p>\n<p><a href=\"https:\/\/www.facebook.com\/pages\/Riograndenser-Hunsr%C3%BCckisch\/366655020086673\"><img data-recalc-dims=\"1\" loading=\"lazy\" decoding=\"async\" class=\"alignleft size-full wp-image-797\" src=\"https:\/\/i0.wp.com\/www.hunsriqueano.riolingo.com\/blog\/wp-content\/uploads\/2014\/01\/Screen-Shot-2014-01-29-at-12.07.28-AM.png?resize=194%2C223\" alt=\"Screen Shot 2014-01-29 at 12.07.28 AM\" width=\"194\" height=\"223\" \/><\/a><\/p>\n","protected":false},"excerpt":{"rendered":"<p>Winzergasse Gleiszelle &#8211; Die Pfalz (o Palatinado \/ the Palatinate). Das dohier ist en Bild von Dr. Manfred Holz (sie Gleiszellen-Gleishorbach \/ Wikipedia-Deitsch, die Freie Internetz-Enzyklop\u00e4die) IMPRESS\u00d5ES DO PALATINADO ANTIGO, REGI\u00c3O LOCALIZADA NO SUDOESTE DA ALEMANHA. O Palatinado fica junto &hellip; <a href=\"https:\/\/www.hunsriqueano.riolingo.com\/blog\/die-palz\/\">Continue reading <span class=\"meta-nav\">&rarr;<\/span><\/a><\/p>\n","protected":false},"author":2,"featured_media":0,"comment_status":"closed","ping_status":"open","sticky":false,"template":"","format":"standard","meta":{"_jetpack_newsletter_access":"","_jetpack_dont_email_post_to_subs":false,"_jetpack_newsletter_tier_id":0,"_jetpack_memberships_contains_paywalled_content":false,"_jetpack_feature_clip_id":0,"_jetpack_memberships_contains_paid_content":false,"footnotes":"","jetpack_publicize_message":"","jetpack_publicize_feature_enabled":true,"jetpack_social_post_already_shared":false,"jetpack_social_options":{"image_generator_settings":{"template":"highway","default_image_id":0,"font":"","enabled":false},"version":2},"jetpack_post_was_ever_published":false},"categories":[1],"tags":[],"class_list":["post-1551","post","type-post","status-publish","format-standard","hentry","category-uncategorized"],"aioseo_notices":[],"aioseo_head":"\n\t\t<!-- All in One SEO 5.0.1.1 - aioseo.com -->\n\t<meta name=\"robots\" content=\"max-image-preview:large\" \/>\n\t<meta name=\"author\" content=\"Paul Beppler\"\/>\n\t<link rel=\"canonical\" href=\"https:\/\/www.hunsriqueano.riolingo.com\/blog\/die-palz\/\" \/>\n\t<meta name=\"generator\" content=\"All in One SEO (AIOSEO) 5.0.1.1\" \/>\n\t\t<meta property=\"og:locale\" content=\"en_US\" \/>\n\t\t<meta property=\"og:site_name\" content=\"Riograndenser Hunsr\u00fcckisch | iss die meischt gesprochne reschionoole Variant von der deitsche Sproch in Br\u00e4silje. Hunsriqueano Riograndense \u00e9 a variante regional da l\u00edngua alem\u00e3 mais falada no Brasil. Riograndenser Hunsr\u00fcckisch es la variante regional del alem\u00e1n m\u00e1s hablada en Brasil.\" \/>\n\t\t<meta property=\"og:type\" content=\"article\" \/>\n\t\t<meta property=\"og:title\" content=\"Die Palz | Riograndenser Hunsr\u00fcckisch\" \/>\n\t\t<meta property=\"og:url\" content=\"https:\/\/www.hunsriqueano.riolingo.com\/blog\/die-palz\/\" \/>\n\t\t<meta property=\"article:published_time\" content=\"2014-08-12T20:02:27+00:00\" \/>\n\t\t<meta property=\"article:modified_time\" content=\"2014-08-12T20:04:01+00:00\" \/>\n\t\t<meta name=\"twitter:card\" content=\"summary\" \/>\n\t\t<meta name=\"twitter:title\" content=\"Die Palz | Riograndenser Hunsr\u00fcckisch\" \/>\n\t\t<script type=\"application\/ld+json\" class=\"aioseo-schema\">\n\t\t\t{\"@context\":\"https:\\\/\\\/schema.org\",\"@graph\":[{\"@type\":\"Article\",\"@id\":\"https:\\\/\\\/www.hunsriqueano.riolingo.com\\\/blog\\\/die-palz\\\/#article\",\"name\":\"Die Palz | Riograndenser Hunsr\\u00fcckisch\",\"headline\":\"Die Palz\",\"author\":{\"@id\":\"https:\\\/\\\/www.hunsriqueano.riolingo.com\\\/blog\\\/author\\\/pbeppler\\\/#author\"},\"publisher\":{\"@id\":\"https:\\\/\\\/www.hunsriqueano.riolingo.com\\\/blog\\\/#organization\"},\"image\":{\"@type\":\"ImageObject\",\"url\":\"https:\\\/\\\/i0.wp.com\\\/www.hunsriqueano.riolingo.com\\\/blog\\\/wp-content\\\/uploads\\\/2014\\\/08\\\/Screen-Shot-2014-08-12-at-12.52.00-PM.png?fit=800%2C600&ssl=1\",\"@id\":\"https:\\\/\\\/www.hunsriqueano.riolingo.com\\\/blog\\\/die-palz\\\/#articleImage\",\"width\":800,\"height\":600},\"datePublished\":\"2014-08-12T20:02:27-07:00\",\"dateModified\":\"2014-08-12T20:04:01-07:00\",\"inLanguage\":\"en-US\",\"mainEntityOfPage\":{\"@id\":\"https:\\\/\\\/www.hunsriqueano.riolingo.com\\\/blog\\\/die-palz\\\/#webpage\"},\"isPartOf\":{\"@id\":\"https:\\\/\\\/www.hunsriqueano.riolingo.com\\\/blog\\\/die-palz\\\/#webpage\"},\"articleSection\":\"Allgemeener\"},{\"@type\":\"BreadcrumbList\",\"@id\":\"https:\\\/\\\/www.hunsriqueano.riolingo.com\\\/blog\\\/die-palz\\\/#breadcrumblist\",\"itemListElement\":[{\"@type\":\"ListItem\",\"@id\":\"https:\\\/\\\/www.hunsriqueano.riolingo.com\\\/blog#listItem\",\"position\":1,\"name\":\"Home\",\"item\":\"https:\\\/\\\/www.hunsriqueano.riolingo.com\\\/blog\",\"nextItem\":{\"@type\":\"ListItem\",\"@id\":\"https:\\\/\\\/www.hunsriqueano.riolingo.com\\\/blog\\\/category\\\/uncategorized\\\/#listItem\",\"name\":\"Allgemeener\"}},{\"@type\":\"ListItem\",\"@id\":\"https:\\\/\\\/www.hunsriqueano.riolingo.com\\\/blog\\\/category\\\/uncategorized\\\/#listItem\",\"position\":2,\"name\":\"Allgemeener\",\"item\":\"https:\\\/\\\/www.hunsriqueano.riolingo.com\\\/blog\\\/category\\\/uncategorized\\\/\",\"nextItem\":{\"@type\":\"ListItem\",\"@id\":\"https:\\\/\\\/www.hunsriqueano.riolingo.com\\\/blog\\\/die-palz\\\/#listItem\",\"name\":\"Die Palz\"},\"previousItem\":{\"@type\":\"ListItem\",\"@id\":\"https:\\\/\\\/www.hunsriqueano.riolingo.com\\\/blog#listItem\",\"name\":\"Home\"}},{\"@type\":\"ListItem\",\"@id\":\"https:\\\/\\\/www.hunsriqueano.riolingo.com\\\/blog\\\/die-palz\\\/#listItem\",\"position\":3,\"name\":\"Die Palz\",\"previousItem\":{\"@type\":\"ListItem\",\"@id\":\"https:\\\/\\\/www.hunsriqueano.riolingo.com\\\/blog\\\/category\\\/uncategorized\\\/#listItem\",\"name\":\"Allgemeener\"}}]},{\"@type\":\"Organization\",\"@id\":\"https:\\\/\\\/www.hunsriqueano.riolingo.com\\\/blog\\\/#organization\",\"name\":\"Riograndenser Hunsr\\u00fcckisch\",\"description\":\"iss die meischt gesprochne reschionoole Variant von der deitsche Sproch in Br\\u00e4silje. Hunsriqueano Riograndense \\u00e9 a variante regional da l\\u00edngua alem\\u00e3 mais falada no Brasil. Riograndenser Hunsr\\u00fcckisch es la variante regional del alem\\u00e1n m\\u00e1s hablada en Brasil.\",\"url\":\"https:\\\/\\\/www.hunsriqueano.riolingo.com\\\/blog\\\/\"},{\"@type\":\"Person\",\"@id\":\"https:\\\/\\\/www.hunsriqueano.riolingo.com\\\/blog\\\/author\\\/pbeppler\\\/#author\",\"url\":\"https:\\\/\\\/www.hunsriqueano.riolingo.com\\\/blog\\\/author\\\/pbeppler\\\/\",\"name\":\"Paul Beppler\",\"image\":{\"@type\":\"ImageObject\",\"@id\":\"https:\\\/\\\/www.hunsriqueano.riolingo.com\\\/blog\\\/die-palz\\\/#authorImage\",\"url\":\"https:\\\/\\\/secure.gravatar.com\\\/avatar\\\/1fe20e35538a0b559f3c3413f0be96ff2aa2acf0b0d67144eb6461427e34410d?s=96&d=mm&r=g\",\"width\":96,\"height\":96,\"caption\":\"Paul Beppler\"}},{\"@type\":\"WebPage\",\"@id\":\"https:\\\/\\\/www.hunsriqueano.riolingo.com\\\/blog\\\/die-palz\\\/#webpage\",\"url\":\"https:\\\/\\\/www.hunsriqueano.riolingo.com\\\/blog\\\/die-palz\\\/\",\"name\":\"Die Palz | Riograndenser Hunsr\\u00fcckisch\",\"inLanguage\":\"en-US\",\"isPartOf\":{\"@id\":\"https:\\\/\\\/www.hunsriqueano.riolingo.com\\\/blog\\\/#website\"},\"breadcrumb\":{\"@id\":\"https:\\\/\\\/www.hunsriqueano.riolingo.com\\\/blog\\\/die-palz\\\/#breadcrumblist\"},\"author\":{\"@id\":\"https:\\\/\\\/www.hunsriqueano.riolingo.com\\\/blog\\\/author\\\/pbeppler\\\/#author\"},\"creator\":{\"@id\":\"https:\\\/\\\/www.hunsriqueano.riolingo.com\\\/blog\\\/author\\\/pbeppler\\\/#author\"},\"datePublished\":\"2014-08-12T20:02:27-07:00\",\"dateModified\":\"2014-08-12T20:04:01-07:00\"},{\"@type\":\"WebSite\",\"@id\":\"https:\\\/\\\/www.hunsriqueano.riolingo.com\\\/blog\\\/#website\",\"url\":\"https:\\\/\\\/www.hunsriqueano.riolingo.com\\\/blog\\\/\",\"name\":\"Riograndenser Hunsr\\u00fcckisch\",\"description\":\"iss die meischt gesprochne reschionoole Variant von der deitsche Sproch in Br\\u00e4silje. Hunsriqueano Riograndense \\u00e9 a variante regional da l\\u00edngua alem\\u00e3 mais falada no Brasil. Riograndenser Hunsr\\u00fcckisch es la variante regional del alem\\u00e1n m\\u00e1s hablada en Brasil.\",\"inLanguage\":\"en-US\",\"publisher\":{\"@id\":\"https:\\\/\\\/www.hunsriqueano.riolingo.com\\\/blog\\\/#organization\"}}]}\n\t\t<\/script>\n\t\t<!-- All in One SEO -->\n\n","aioseo_head_json":{"title":"Die Palz | Riograndenser Hunsr\u00fcckisch","description":"","canonical_url":"https:\/\/www.hunsriqueano.riolingo.com\/blog\/die-palz\/","robots":"max-image-preview:large","keywords":"","webmasterTools":{"miscellaneous":""},"schema":{"@context":"https:\/\/schema.org","@graph":[{"@type":"Article","@id":"https:\/\/www.hunsriqueano.riolingo.com\/blog\/die-palz\/#article","name":"Die Palz | Riograndenser Hunsr\u00fcckisch","headline":"Die Palz","author":{"@id":"https:\/\/www.hunsriqueano.riolingo.com\/blog\/author\/pbeppler\/#author"},"publisher":{"@id":"https:\/\/www.hunsriqueano.riolingo.com\/blog\/#organization"},"image":{"@type":"ImageObject","url":"https:\/\/i0.wp.com\/www.hunsriqueano.riolingo.com\/blog\/wp-content\/uploads\/2014\/08\/Screen-Shot-2014-08-12-at-12.52.00-PM.png?fit=800%2C600&ssl=1","@id":"https:\/\/www.hunsriqueano.riolingo.com\/blog\/die-palz\/#articleImage","width":800,"height":600},"datePublished":"2014-08-12T20:02:27-07:00","dateModified":"2014-08-12T20:04:01-07:00","inLanguage":"en-US","mainEntityOfPage":{"@id":"https:\/\/www.hunsriqueano.riolingo.com\/blog\/die-palz\/#webpage"},"isPartOf":{"@id":"https:\/\/www.hunsriqueano.riolingo.com\/blog\/die-palz\/#webpage"},"articleSection":"Allgemeener"},{"@type":"BreadcrumbList","@id":"https:\/\/www.hunsriqueano.riolingo.com\/blog\/die-palz\/#breadcrumblist","itemListElement":[{"@type":"ListItem","@id":"https:\/\/www.hunsriqueano.riolingo.com\/blog#listItem","position":1,"name":"Home","item":"https:\/\/www.hunsriqueano.riolingo.com\/blog","nextItem":{"@type":"ListItem","@id":"https:\/\/www.hunsriqueano.riolingo.com\/blog\/category\/uncategorized\/#listItem","name":"Allgemeener"}},{"@type":"ListItem","@id":"https:\/\/www.hunsriqueano.riolingo.com\/blog\/category\/uncategorized\/#listItem","position":2,"name":"Allgemeener","item":"https:\/\/www.hunsriqueano.riolingo.com\/blog\/category\/uncategorized\/","nextItem":{"@type":"ListItem","@id":"https:\/\/www.hunsriqueano.riolingo.com\/blog\/die-palz\/#listItem","name":"Die Palz"},"previousItem":{"@type":"ListItem","@id":"https:\/\/www.hunsriqueano.riolingo.com\/blog#listItem","name":"Home"}},{"@type":"ListItem","@id":"https:\/\/www.hunsriqueano.riolingo.com\/blog\/die-palz\/#listItem","position":3,"name":"Die Palz","previousItem":{"@type":"ListItem","@id":"https:\/\/www.hunsriqueano.riolingo.com\/blog\/category\/uncategorized\/#listItem","name":"Allgemeener"}}]},{"@type":"Organization","@id":"https:\/\/www.hunsriqueano.riolingo.com\/blog\/#organization","name":"Riograndenser Hunsr\u00fcckisch","description":"iss die meischt gesprochne reschionoole Variant von der deitsche Sproch in Br\u00e4silje. Hunsriqueano Riograndense \u00e9 a variante regional da l\u00edngua alem\u00e3 mais falada no Brasil. Riograndenser Hunsr\u00fcckisch es la variante regional del alem\u00e1n m\u00e1s hablada en Brasil.","url":"https:\/\/www.hunsriqueano.riolingo.com\/blog\/"},{"@type":"Person","@id":"https:\/\/www.hunsriqueano.riolingo.com\/blog\/author\/pbeppler\/#author","url":"https:\/\/www.hunsriqueano.riolingo.com\/blog\/author\/pbeppler\/","name":"Paul Beppler","image":{"@type":"ImageObject","@id":"https:\/\/www.hunsriqueano.riolingo.com\/blog\/die-palz\/#authorImage","url":"https:\/\/secure.gravatar.com\/avatar\/1fe20e35538a0b559f3c3413f0be96ff2aa2acf0b0d67144eb6461427e34410d?s=96&d=mm&r=g","width":96,"height":96,"caption":"Paul Beppler"}},{"@type":"WebPage","@id":"https:\/\/www.hunsriqueano.riolingo.com\/blog\/die-palz\/#webpage","url":"https:\/\/www.hunsriqueano.riolingo.com\/blog\/die-palz\/","name":"Die Palz | Riograndenser Hunsr\u00fcckisch","inLanguage":"en-US","isPartOf":{"@id":"https:\/\/www.hunsriqueano.riolingo.com\/blog\/#website"},"breadcrumb":{"@id":"https:\/\/www.hunsriqueano.riolingo.com\/blog\/die-palz\/#breadcrumblist"},"author":{"@id":"https:\/\/www.hunsriqueano.riolingo.com\/blog\/author\/pbeppler\/#author"},"creator":{"@id":"https:\/\/www.hunsriqueano.riolingo.com\/blog\/author\/pbeppler\/#author"},"datePublished":"2014-08-12T20:02:27-07:00","dateModified":"2014-08-12T20:04:01-07:00"},{"@type":"WebSite","@id":"https:\/\/www.hunsriqueano.riolingo.com\/blog\/#website","url":"https:\/\/www.hunsriqueano.riolingo.com\/blog\/","name":"Riograndenser Hunsr\u00fcckisch","description":"iss die meischt gesprochne reschionoole Variant von der deitsche Sproch in Br\u00e4silje. Hunsriqueano Riograndense \u00e9 a variante regional da l\u00edngua alem\u00e3 mais falada no Brasil. Riograndenser Hunsr\u00fcckisch es la variante regional del alem\u00e1n m\u00e1s hablada en Brasil.","inLanguage":"en-US","publisher":{"@id":"https:\/\/www.hunsriqueano.riolingo.com\/blog\/#organization"}}]},"og:locale":"en_US","og:site_name":"Riograndenser Hunsr\u00fcckisch | iss die meischt gesprochne reschionoole Variant von der deitsche Sproch in Br\u00e4silje. Hunsriqueano Riograndense \u00e9 a variante regional da l\u00edngua alem\u00e3 mais falada no Brasil. Riograndenser Hunsr\u00fcckisch es la variante regional del alem\u00e1n m\u00e1s hablada en Brasil.","og:type":"article","og:title":"Die Palz | Riograndenser Hunsr\u00fcckisch","og:url":"https:\/\/www.hunsriqueano.riolingo.com\/blog\/die-palz\/","article:published_time":"2014-08-12T20:02:27+00:00","article:modified_time":"2014-08-12T20:04:01+00:00","twitter:card":"summary","twitter:title":"Die Palz | Riograndenser Hunsr\u00fcckisch"},"aioseo_meta_data":{"post_id":"1551","title":null,"description":null,"keywords":null,"keyphrases":null,"primary_term":null,"canonical_url":null,"og_title":null,"og_description":null,"og_object_type":"default","og_image_type":"default","og_image_url":null,"og_image_width":null,"og_image_height":null,"og_image_custom_url":null,"og_image_custom_fields":null,"og_video":null,"og_custom_url":null,"og_article_section":null,"og_article_tags":null,"twitter_use_og":false,"twitter_card":"default","twitter_image_type":"default","twitter_image_url":null,"twitter_image_custom_url":null,"twitter_image_custom_fields":null,"twitter_title":null,"twitter_description":null,"schema":{"blockGraphs":[],"customGraphs":[],"default":{"data":{"Article":[],"Course":[],"Dataset":[],"FAQPage":[],"Movie":[],"Person":[],"Product":[],"ProductReview":[],"Car":[],"Recipe":[],"Service":[],"SoftwareApplication":[],"WebPage":[]},"graphName":"Article","isEnabled":true},"graphs":[]},"schema_type":null,"schema_type_options":null,"pillar_content":false,"robots_default":true,"robots_noindex":false,"robots_noarchive":false,"robots_nosnippet":false,"robots_nofollow":false,"robots_noimageindex":false,"robots_noodp":false,"robots_notranslate":false,"robots_max_snippet":null,"robots_max_videopreview":null,"robots_max_imagepreview":"large","priority":null,"frequency":null,"location":null,"local_seo":null,"breadcrumb_settings":null,"limit_modified_date":false,"ai":null,"created":"2021-02-05 18:49:04","updated":"2025-06-04 16:25:11","seo_analyzer_scan_date":null,"focus_keyword":null,"additional_keywords":null,"truseo_locale":null},"aioseo_breadcrumb":"<div class=\"aioseo-breadcrumbs\"><span class=\"aioseo-breadcrumb\">\n\t\t\t<a href=\"https:\/\/www.hunsriqueano.riolingo.com\/blog\" title=\"Home\">Home<\/a>\n\t\t<\/span><span class=\"aioseo-breadcrumb-separator\">&raquo;<\/span><span class=\"aioseo-breadcrumb\">\n\t\t\t<a href=\"https:\/\/www.hunsriqueano.riolingo.com\/blog\/category\/uncategorized\/\" title=\"Allgemeener\">Allgemeener<\/a>\n\t\t<\/span><span class=\"aioseo-breadcrumb-separator\">&raquo;<\/span><span class=\"aioseo-breadcrumb\">\n\t\t\tDie Palz\n\t\t<\/span><\/div>","aioseo_breadcrumb_json":[{"label":"Home","link":"https:\/\/www.hunsriqueano.riolingo.com\/blog"},{"label":"Allgemeener","link":"https:\/\/www.hunsriqueano.riolingo.com\/blog\/category\/uncategorized\/"},{"label":"Die Palz","link":"https:\/\/www.hunsriqueano.riolingo.com\/blog\/die-palz\/"}],"jetpack_publicize_connections":[],"jetpack_shortlink":"https:\/\/wp.me\/p9sRFr-p1","jetpack_sharing_enabled":true,"jetpack_featured_media_url":"","_links":{"self":[{"href":"https:\/\/www.hunsriqueano.riolingo.com\/blog\/wp-json\/wp\/v2\/posts\/1551","targetHints":{"allow":["GET"]}}],"collection":[{"href":"https:\/\/www.hunsriqueano.riolingo.com\/blog\/wp-json\/wp\/v2\/posts"}],"about":[{"href":"https:\/\/www.hunsriqueano.riolingo.com\/blog\/wp-json\/wp\/v2\/types\/post"}],"author":[{"embeddable":true,"href":"https:\/\/www.hunsriqueano.riolingo.com\/blog\/wp-json\/wp\/v2\/users\/2"}],"replies":[{"embeddable":true,"href":"https:\/\/www.hunsriqueano.riolingo.com\/blog\/wp-json\/wp\/v2\/comments?post=1551"}],"version-history":[{"count":0,"href":"https:\/\/www.hunsriqueano.riolingo.com\/blog\/wp-json\/wp\/v2\/posts\/1551\/revisions"}],"wp:attachment":[{"href":"https:\/\/www.hunsriqueano.riolingo.com\/blog\/wp-json\/wp\/v2\/media?parent=1551"}],"wp:term":[{"taxonomy":"category","embeddable":true,"href":"https:\/\/www.hunsriqueano.riolingo.com\/blog\/wp-json\/wp\/v2\/categories?post=1551"},{"taxonomy":"post_tag","embeddable":true,"href":"https:\/\/www.hunsriqueano.riolingo.com\/blog\/wp-json\/wp\/v2\/tags?post=1551"}],"curies":[{"name":"wp","href":"https:\/\/api.w.org\/{rel}","templated":true}]}}